
{"id":4559,"date":"2021-08-22T15:00:09","date_gmt":"2021-08-22T13:00:09","guid":{"rendered":"https:\/\/przedszkole18.edu.wroclaw.pl\/?p=4559"},"modified":"2021-08-22T15:00:09","modified_gmt":"2021-08-22T13:00:09","slug":"wazne-8","status":"publish","type":"post","link":"https:\/\/przedszkole18.edu.wroclaw.pl\/index.php\/2021\/08\/22\/wazne-8\/","title":{"rendered":"Wa\u017cne!"},"content":{"rendered":"<p><span style=\"color: #008000\"><strong><span style=\"font-size: 14pt\">Szanowni Pa\u0144stwo dostaj\u0119 informacj\u0119, \u017ce nie wszyscy rodzice, kt\u00f3rych dzieci korzysta\u0142y z opieki przedszkolnej w miesi\u0105cu lipcu, wnie\u015bli op\u0142aty. <\/span><\/strong><strong><span style=\"font-size: 14pt\">Przypominam zatem, \u017ce zgodnie z podpisan\u0105 deklaracj\u0105 oraz obowi\u0105zuj\u0105c\u0105 podmioty prowadzone przez miasto\u00a0 procedur\u0105 windykacyjn\u0105, winnam z dniem 23 lipca wszcz\u0105\u0107 t\u0119 procedur\u0119 co zapewne nie b\u0119dzie mi\u0142e zar\u00f3wna dla Pa\u0144stwa jak i dla dyrektora. <\/span><\/strong><\/span><\/p>\n<p><span style=\"color: #808000\"><strong><span style=\"font-size: 14pt\">Czekam zatem na sp\u00f3\u017anionych\u00a0 do poniedzia\u0142ku 23 lipca. <\/span><\/strong><\/span><span style=\"color: #808000\"><strong><span style=\"font-size: 14pt\">Nawet w wakacje winni\u015bmy pami\u0119ta\u0107 o swoich zobowi\u0105zaniach wobec innych. Pozdrawiam i \u017cycz\u0119 zdrowia<\/span><\/strong>. <\/span><em><span style=\"color: #333399\">Dyrektor plac\u00f3wki Lidia Walczak-I\u017cycka<\/span> <\/em><\/p>\n<p>&nbsp;<\/p>\n","protected":false},"excerpt":{"rendered":"<p>Szanowni Pa\u0144stwo dostaj\u0119 informacj\u0119, \u017ce nie wszyscy rodzice, kt\u00f3rych dzieci korzysta\u0142y z opieki przedszkolnej w miesi\u0105cu lipcu, wnie\u015bli op\u0142aty. Przypominam zatem, \u017ce zgodnie z podpisan\u0105 deklaracj\u0105 oraz obowi\u0105zuj\u0105c\u0105 podmioty prowadzone [&hellip;]<\/p>\n","protected":false},"author":115,"featured_media":1859,"comment_status":"closed","ping_status":"closed","sticky":false,"template":"","format":"standard","meta":{"ngg_post_thumbnail":0,"footnotes":""},"categories":[3],"tags":[],"class_list":["post-4559","post","type-post","status-publish","format-standard","has-post-thumbnail","hentry","category-aktualnosci","clearfix"],"_links":{"self":[{"href":"https:\/\/przedszkole18.edu.wroclaw.pl\/index.php\/wp-json\/wp\/v2\/posts\/4559","targetHints":{"allow":["GET"]}}],"collection":[{"href":"https:\/\/przedszkole18.edu.wroclaw.pl\/index.php\/wp-json\/wp\/v2\/posts"}],"about":[{"href":"https:\/\/przedszkole18.edu.wroclaw.pl\/index.php\/wp-json\/wp\/v2\/types\/post"}],"author":[{"embeddable":true,"href":"https:\/\/przedszkole18.edu.wroclaw.pl\/index.php\/wp-json\/wp\/v2\/users\/115"}],"replies":[{"embeddable":true,"href":"https:\/\/przedszkole18.edu.wroclaw.pl\/index.php\/wp-json\/wp\/v2\/comments?post=4559"}],"version-history":[{"count":1,"href":"https:\/\/przedszkole18.edu.wroclaw.pl\/index.php\/wp-json\/wp\/v2\/posts\/4559\/revisions"}],"predecessor-version":[{"id":4560,"href":"https:\/\/przedszkole18.edu.wroclaw.pl\/index.php\/wp-json\/wp\/v2\/posts\/4559\/revisions\/4560"}],"wp:featuredmedia":[{"embeddable":true,"href":"https:\/\/przedszkole18.edu.wroclaw.pl\/index.php\/wp-json\/wp\/v2\/media\/1859"}],"wp:attachment":[{"href":"https:\/\/przedszkole18.edu.wroclaw.pl\/index.php\/wp-json\/wp\/v2\/media?parent=4559"}],"wp:term":[{"taxonomy":"category","embeddable":true,"href":"https:\/\/przedszkole18.edu.wroclaw.pl\/index.php\/wp-json\/wp\/v2\/categories?post=4559"},{"taxonomy":"post_tag","embeddable":true,"href":"https:\/\/przedszkole18.edu.wroclaw.pl\/index.php\/wp-json\/wp\/v2\/tags?post=4559"}],"curies":[{"name":"wp","href":"https:\/\/api.w.org\/{rel}","templated":true}]}}