
{"id":4561,"date":"2021-08-22T15:41:41","date_gmt":"2021-08-22T13:41:41","guid":{"rendered":"https:\/\/przedszkole18.edu.wroclaw.pl\/?p=4561"},"modified":"2021-08-22T15:41:41","modified_gmt":"2021-08-22T13:41:41","slug":"nowy-rok-w-w-przedszkolu","status":"publish","type":"post","link":"https:\/\/przedszkole18.edu.wroclaw.pl\/index.php\/2021\/08\/22\/nowy-rok-w-w-przedszkolu\/","title":{"rendered":"Nowy rok w w przedszkolu!"},"content":{"rendered":"<p><span style=\"font-size: 14pt;color: #008000\"><em>Szanowni Pa\u0144stwo nowy rok szkolny zaczynamy od \/\u015brody 01.09.\/ Zatem w dniach 30 i 31 sierpnia oczekuj\u0119 na dokumenty, kt\u00f3re niezb\u0119dne s\u0105 do rozpocz\u0119cia roku szkolnego. Aby rozpocz\u0105\u0107 ucz\u0119szczanie do przedszkola potrzebna b\u0119dzie :\u00a0 <strong>deklaracja pobytu dziecka<\/strong> w przedszkolu z dok\u0142adnym i czytelnym\u00a0 jej wype\u0142nieniem, <strong>zgoda na wizerunek<\/strong> dziecka oraz\u00a0 <strong>upowa\u017cnienie do odbioru<\/strong> dla os\u00f3b innych ni\u017c rodzice, a tak\u017ce <strong>wniosek o zwolnienie z op\u0142aty dla rodzic\u00f3w posiadaj\u0105cych 3<\/strong> <strong>lub wi\u0119cej dzieci<\/strong>. Wszystkie dokumenty pozwol\u0105 pracownikom administracji zaktualizowa\u0107 Pa\u0144stwa dane w systemach pomocnych nam w prawid\u0142owym\u00a0 funkcjonowaniu. Wa\u017cne te\u017c,\u00a0 aby pami\u0119tali Pa\u0144stwo o odbijaniu si\u0119 w czytniku czasu, je\u017celi kto\u015b zagubi\u0142 brylok &#8211; prosz\u0119 o informacj\u0119 zaczytam nowy.\u00a0<\/em><\/span><\/p>\n<p><span style=\"color: #666699\"><em><span style=\"font-size: 14pt\"> Przypominam, \u017ce wszystkie dokumenty z\u0142o\u017cone przez Pa\u0144stwa w roku ubieg\u0142ym, trac\u0105 moc i przechodz\u0105 do archiwum przedszkolnego,\u00a0 dlatego te\u017c oczekuj\u0119 na nowa &#8211; aktualne. Wype\u0142nione, podpisane \u00a0 dokumenty mo\u017cna przes\u0142a\u0107 na adres e-mail s<span style=\"color: #3366ff\">ekretariat.p018@wroclawskaedukacja.pl\u00a0<\/span> lub <strong>przynie\u015b\u0107 do przedszkola i pozostawi\u0107 w przygotowanym pojemniku.\u00a0<\/strong><\/span><\/em><\/span><\/p>\n<p><span style=\"font-size: 14pt;color: #808000\"><em>I wreszcie wa\u017cna i istotna informacja dla wszystkich,\u00a0 nadal pracujemy i funkcjonujemy w procedurach bezpiecze\u0144stwa zwi\u0105zanych z COVID-19 dlatego te\u017c,\u00a0 przypominam o godzinach przyprowadzania \/6.30-8.30 \/ dzieci do plac\u00f3wki, o konieczno\u015bci noszenia maski w cz\u0119\u015bci wsp\u00f3lnej. Rodzice\u00a0 nie wchodz\u0105 do przedszkola przyprowadzanie i odbieranie dzieci odbywa si\u0119 jak przed wakacjami.<\/em> <\/span><\/p>\n<p><span style=\"font-size: 14pt;color: #ff6600\"><em>Wyj\u0105tek we wrze\u015bniu,\u00a0 stanowi\u0105 rodzice nowych wychowank\u00f3w &#8211; wpuszczani b\u0119d\u0105 zgodnie z re\u017cimem sanitarnym w maskach, po zdezynfekowaniu r\u0105k i tylko do\u00a0 szatni dzieci,\u00a0 nie wi\u0119cej ni\u017c \/3 rodzic\u00f3w+ dziecko\/ zapewne b\u0119dzie to trudne, mam jednak nadziej\u0119, \u017ce jak w minionym roku mo\u017cemy liczy\u0107 na Pa\u0144stwa zrozumienie i cierpliwo\u015b\u0107, kt\u00f3ra wszystkim nam u\u0142atwi\u0105\u00a0 codzienne funkcjonowanie.\u00a0<\/em> <\/span><\/p>\n<p><span style=\"color: #800080\"><strong>Piliki do pobrania: \u00a0<\/strong> <\/span><\/p>\n<p><a href=\"https:\/\/przedszkole18.edu.wroclaw.pl\/wp-content\/uploads\/sites\/36\/2021\/08\/Deklaracja-pobytu-dziecka-w-P-18.-2021-22-doc.doc\">Deklaracja pobytu dziecka w P-18. 2021-22 doc<\/a><\/p>\n<p><a href=\"https:\/\/przedszkole18.edu.wroclaw.pl\/wp-content\/uploads\/sites\/36\/2021\/08\/Upowaznienie-do-odbioru-2021-22.doc\">Upowa\u017cnienie do odbioru 2021-22<\/a><\/p>\n<p><a href=\"https:\/\/przedszkole18.edu.wroclaw.pl\/wp-content\/uploads\/sites\/36\/2021\/08\/Wniosek-o-zwolnienie-z-oplaty-2021-22.doc\">Wniosek o zwolnienie z op\u0142aty 2021-22<\/a><\/p>\n<p><a href=\"https:\/\/przedszkole18.edu.wroclaw.pl\/wp-content\/uploads\/sites\/36\/2021\/08\/Zgoda-na-wizerunek-2021-22-.doc\">Zgoda na wizerunek 2021-22<\/a><\/p>\n<p><span style=\"color: #808080\"><em>\u017bycz\u0119 du\u017co zdrowia i pozdrawiam serdecznie. Dyrektor plac\u00f3wki Lidia Walczak-I\u017cycka<\/em> <\/span><\/p>\n","protected":false},"excerpt":{"rendered":"<p>Szanowni Pa\u0144stwo nowy rok szkolny zaczynamy od \/\u015brody 01.09.\/ Zatem w dniach 30 i 31 sierpnia oczekuj\u0119 na dokumenty, kt\u00f3re niezb\u0119dne s\u0105 do rozpocz\u0119cia roku szkolnego. Aby rozpocz\u0105\u0107 ucz\u0119szczanie do [&hellip;]<\/p>\n","protected":false},"author":115,"featured_media":2005,"comment_status":"closed","ping_status":"closed","sticky":false,"template":"","format":"standard","meta":{"ngg_post_thumbnail":0,"footnotes":""},"categories":[3],"tags":[],"class_list":["post-4561","post","type-post","status-publish","format-standard","has-post-thumbnail","hentry","category-aktualnosci","clearfix"],"_links":{"self":[{"href":"https:\/\/przedszkole18.edu.wroclaw.pl\/index.php\/wp-json\/wp\/v2\/posts\/4561","targetHints":{"allow":["GET"]}}],"collection":[{"href":"https:\/\/przedszkole18.edu.wroclaw.pl\/index.php\/wp-json\/wp\/v2\/posts"}],"about":[{"href":"https:\/\/przedszkole18.edu.wroclaw.pl\/index.php\/wp-json\/wp\/v2\/types\/post"}],"author":[{"embeddable":true,"href":"https:\/\/przedszkole18.edu.wroclaw.pl\/index.php\/wp-json\/wp\/v2\/users\/115"}],"replies":[{"embeddable":true,"href":"https:\/\/przedszkole18.edu.wroclaw.pl\/index.php\/wp-json\/wp\/v2\/comments?post=4561"}],"version-history":[{"count":1,"href":"https:\/\/przedszkole18.edu.wroclaw.pl\/index.php\/wp-json\/wp\/v2\/posts\/4561\/revisions"}],"predecessor-version":[{"id":4562,"href":"https:\/\/przedszkole18.edu.wroclaw.pl\/index.php\/wp-json\/wp\/v2\/posts\/4561\/revisions\/4562"}],"wp:featuredmedia":[{"embeddable":true,"href":"https:\/\/przedszkole18.edu.wroclaw.pl\/index.php\/wp-json\/wp\/v2\/media\/2005"}],"wp:attachment":[{"href":"https:\/\/przedszkole18.edu.wroclaw.pl\/index.php\/wp-json\/wp\/v2\/media?parent=4561"}],"wp:term":[{"taxonomy":"category","embeddable":true,"href":"https:\/\/przedszkole18.edu.wroclaw.pl\/index.php\/wp-json\/wp\/v2\/categories?post=4561"},{"taxonomy":"post_tag","embeddable":true,"href":"https:\/\/przedszkole18.edu.wroclaw.pl\/index.php\/wp-json\/wp\/v2\/tags?post=4561"}],"curies":[{"name":"wp","href":"https:\/\/api.w.org\/{rel}","templated":true}]}}