
{"id":4563,"date":"2021-08-22T15:57:42","date_gmt":"2021-08-22T13:57:42","guid":{"rendered":"https:\/\/przedszkole18.edu.wroclaw.pl\/?p=4563"},"modified":"2021-08-22T16:01:27","modified_gmt":"2021-08-22T14:01:27","slug":"rodzice-nowych-wychowankow","status":"publish","type":"post","link":"https:\/\/przedszkole18.edu.wroclaw.pl\/index.php\/2021\/08\/22\/rodzice-nowych-wychowankow\/","title":{"rendered":"Rodzice nowych wychowank\u00f3w!"},"content":{"rendered":"<p><span style=\"color: #008000;font-size: 14pt\"><em><strong>S<\/strong><\/em><em><strong><span style=\"color: #008000;font-size: 14pt\"><em>zanowni<\/em> <\/span>Pa\u0144stwo, wiem \u017ce oddanie dziecka pod opiek\u0119\u00a0 przedszkola,\u00a0 to du\u017cy stres zar\u00f3wno dla dzieci jak i dla Was. Poznanie i akceptacja nowego \u015brodowiska zawsze troch\u0119 trwa i trzeba du\u017co cierpliwo\u015bci i zaufania, by wszystko trafi\u0142o na w\u0142a\u015bciwe tory.\u00a0 Zach\u0119cam zatem do przeczytania<\/strong><\/em><\/span> \u00a0<a href=\"https:\/\/przedszkole18.edu.wroclaw.pl\/wp-content\/uploads\/sites\/36\/2021\/08\/Nowi-wychowankowie-3-latki-.doc\">Nowi wychowankowie &#8211; 3 latki<\/a> . <span style=\"font-size: 14pt;color: #008000\"><em><strong>Przyj\u0119te w procesie rekrutacji dzieci 4 letnie i starsze nie maj\u0105 w swoim rytmie dnia le\u017cakowania, dlatego te\u017c,\u00a0 zapisy dotycz\u0105ce tego zagadnienia nie s\u0105 adresowane do nich.<\/strong> <\/em><\/span><\/p>\n<p>Pliki do pobrania :<\/p>\n<p><a href=\"https:\/\/przedszkole18.edu.wroclaw.pl\/wp-content\/uploads\/sites\/36\/2021\/08\/Deklaracja-pobytu-dziecka-w-P-18.-2021-22-doc.doc\">Deklaracja pobytu dziecka w P-18. 2021-22 doc<\/a><\/p>\n<p><a href=\"https:\/\/przedszkole18.edu.wroclaw.pl\/wp-content\/uploads\/sites\/36\/2021\/08\/Zgoda-na-wizerunek-2021-22-.doc\">Zgoda na wizerunek 2021-22<\/a><\/p>\n<p><a href=\"https:\/\/przedszkole18.edu.wroclaw.pl\/wp-content\/uploads\/sites\/36\/2021\/08\/Upowaznienie-do-odbioru-2021-22.doc\">Upowa\u017cnienie do odbioru 2021-22<\/a><\/p>\n<p><a href=\"https:\/\/przedszkole18.edu.wroclaw.pl\/wp-content\/uploads\/sites\/36\/2021\/08\/Wniosek-o-zwolnienie-z-oplaty-2021-22.doc\">Wniosek o zwolnienie z op\u0142aty 2021-22<\/a><\/p>\n<p><span style=\"color: #808000\"><em>Pytania i w\u0105tpliwo\u015bci wyja\u015bni\u0119 na pierwszym spotkaniu, planowanym na 2 tydzie\u0144 wrze\u015bnia. Pozdrawiam i \u017cycz\u0119 du\u017co zdrowia. Dyrektor plac\u00f3wki\u00a0 Lidia Walczak-I\u017cycka<\/em> <\/span><\/p>\n","protected":false},"excerpt":{"rendered":"<p>Szanowni Pa\u0144stwo, wiem \u017ce oddanie dziecka pod opiek\u0119\u00a0 przedszkola,\u00a0 to du\u017cy stres zar\u00f3wno dla dzieci jak i dla Was. Poznanie i akceptacja nowego \u015brodowiska zawsze troch\u0119 trwa i trzeba du\u017co [&hellip;]<\/p>\n","protected":false},"author":115,"featured_media":0,"comment_status":"closed","ping_status":"closed","sticky":false,"template":"","format":"standard","meta":{"ngg_post_thumbnail":0,"footnotes":""},"categories":[3],"tags":[],"class_list":["post-4563","post","type-post","status-publish","format-standard","hentry","category-aktualnosci","clearfix"],"_links":{"self":[{"href":"https:\/\/przedszkole18.edu.wroclaw.pl\/index.php\/wp-json\/wp\/v2\/posts\/4563","targetHints":{"allow":["GET"]}}],"collection":[{"href":"https:\/\/przedszkole18.edu.wroclaw.pl\/index.php\/wp-json\/wp\/v2\/posts"}],"about":[{"href":"https:\/\/przedszkole18.edu.wroclaw.pl\/index.php\/wp-json\/wp\/v2\/types\/post"}],"author":[{"embeddable":true,"href":"https:\/\/przedszkole18.edu.wroclaw.pl\/index.php\/wp-json\/wp\/v2\/users\/115"}],"replies":[{"embeddable":true,"href":"https:\/\/przedszkole18.edu.wroclaw.pl\/index.php\/wp-json\/wp\/v2\/comments?post=4563"}],"version-history":[{"count":4,"href":"https:\/\/przedszkole18.edu.wroclaw.pl\/index.php\/wp-json\/wp\/v2\/posts\/4563\/revisions"}],"predecessor-version":[{"id":4567,"href":"https:\/\/przedszkole18.edu.wroclaw.pl\/index.php\/wp-json\/wp\/v2\/posts\/4563\/revisions\/4567"}],"wp:attachment":[{"href":"https:\/\/przedszkole18.edu.wroclaw.pl\/index.php\/wp-json\/wp\/v2\/media?parent=4563"}],"wp:term":[{"taxonomy":"category","embeddable":true,"href":"https:\/\/przedszkole18.edu.wroclaw.pl\/index.php\/wp-json\/wp\/v2\/categories?post=4563"},{"taxonomy":"post_tag","embeddable":true,"href":"https:\/\/przedszkole18.edu.wroclaw.pl\/index.php\/wp-json\/wp\/v2\/tags?post=4563"}],"curies":[{"name":"wp","href":"https:\/\/api.w.org\/{rel}","templated":true}]}}