
{"id":4587,"date":"2021-09-02T10:59:25","date_gmt":"2021-09-02T08:59:25","guid":{"rendered":"https:\/\/przedszkole18.edu.wroclaw.pl\/?p=4587"},"modified":"2021-09-02T10:59:25","modified_gmt":"2021-09-02T08:59:25","slug":"wazne-9","status":"publish","type":"post","link":"https:\/\/przedszkole18.edu.wroclaw.pl\/index.php\/2021\/09\/02\/wazne-9\/","title":{"rendered":"Wa\u017cne!"},"content":{"rendered":"<p><strong><em><span style=\"color: #000080\">Szanowni Pa\u0144stwo!<\/span><\/em><\/strong><\/p>\n<p><em><strong><span style=\"color: #008080\">Dzia\u0142alno\u015b\u0107 plac\u00f3wki\u00a0 w nowym roku szkolnym\u00a0 rozpoczynamy\u00a0 zgodnie z Zarz\u0105dzeniem nr 5973\/21 Prezydenta Wroc\u0142awia\u00a0 z dnia 27 sierpnia 2021r<\/span><\/strong><\/em>. \u00a0 <a href=\"https:\/\/przedszkole18.edu.wroclaw.pl\/wp-content\/uploads\/sites\/36\/2021\/09\/Zarzadzenie_nr_5973_21_tekst.pdf\">Zarz\u0105dzenie_nr_5973_21_tekst<\/a> .<\/p>\n<p><span style=\"color: #008080\"><em><strong>Prosz\u0119 o zapoznanie si\u0119 z powy\u017cszym dokumentem.\u00a0 W dniu dzisiejszym w godzinach odbioru dzieci,\u00a0 prosz\u0119 podpisa\u0107 przygotowany za\u0142\u0105cznik.<\/strong><\/em><\/span><\/p>\n<p><span style=\"color: #008080\"><em><strong> Pozdrawiam\u00a0 <\/strong><\/em>dyrektor plac\u00f3wki \u00a0 Lidia Walczak-I\u017cycka\u00a0<\/span><\/p>\n","protected":false},"excerpt":{"rendered":"<p>Szanowni Pa\u0144stwo! Dzia\u0142alno\u015b\u0107 plac\u00f3wki\u00a0 w nowym roku szkolnym\u00a0 rozpoczynamy\u00a0 zgodnie z Zarz\u0105dzeniem nr 5973\/21 Prezydenta Wroc\u0142awia\u00a0 z dnia 27 sierpnia 2021r. \u00a0 Zarz\u0105dzenie_nr_5973_21_tekst . Prosz\u0119 o zapoznanie si\u0119 z powy\u017cszym [&hellip;]<\/p>\n","protected":false},"author":115,"featured_media":2252,"comment_status":"closed","ping_status":"closed","sticky":false,"template":"","format":"standard","meta":{"ngg_post_thumbnail":0,"footnotes":""},"categories":[3],"tags":[],"class_list":["post-4587","post","type-post","status-publish","format-standard","has-post-thumbnail","hentry","category-aktualnosci","clearfix"],"_links":{"self":[{"href":"https:\/\/przedszkole18.edu.wroclaw.pl\/index.php\/wp-json\/wp\/v2\/posts\/4587","targetHints":{"allow":["GET"]}}],"collection":[{"href":"https:\/\/przedszkole18.edu.wroclaw.pl\/index.php\/wp-json\/wp\/v2\/posts"}],"about":[{"href":"https:\/\/przedszkole18.edu.wroclaw.pl\/index.php\/wp-json\/wp\/v2\/types\/post"}],"author":[{"embeddable":true,"href":"https:\/\/przedszkole18.edu.wroclaw.pl\/index.php\/wp-json\/wp\/v2\/users\/115"}],"replies":[{"embeddable":true,"href":"https:\/\/przedszkole18.edu.wroclaw.pl\/index.php\/wp-json\/wp\/v2\/comments?post=4587"}],"version-history":[{"count":1,"href":"https:\/\/przedszkole18.edu.wroclaw.pl\/index.php\/wp-json\/wp\/v2\/posts\/4587\/revisions"}],"predecessor-version":[{"id":4588,"href":"https:\/\/przedszkole18.edu.wroclaw.pl\/index.php\/wp-json\/wp\/v2\/posts\/4587\/revisions\/4588"}],"wp:featuredmedia":[{"embeddable":true,"href":"https:\/\/przedszkole18.edu.wroclaw.pl\/index.php\/wp-json\/wp\/v2\/media\/2252"}],"wp:attachment":[{"href":"https:\/\/przedszkole18.edu.wroclaw.pl\/index.php\/wp-json\/wp\/v2\/media?parent=4587"}],"wp:term":[{"taxonomy":"category","embeddable":true,"href":"https:\/\/przedszkole18.edu.wroclaw.pl\/index.php\/wp-json\/wp\/v2\/categories?post=4587"},{"taxonomy":"post_tag","embeddable":true,"href":"https:\/\/przedszkole18.edu.wroclaw.pl\/index.php\/wp-json\/wp\/v2\/tags?post=4587"}],"curies":[{"name":"wp","href":"https:\/\/api.w.org\/{rel}","templated":true}]}}