
{"id":4591,"date":"2021-09-02T14:08:06","date_gmt":"2021-09-02T12:08:06","guid":{"rendered":"https:\/\/przedszkole18.edu.wroclaw.pl\/?p=4591"},"modified":"2021-09-02T14:08:06","modified_gmt":"2021-09-02T12:08:06","slug":"propozycja-ubezpieczenia-nnw-dla-dzieci-na-rok-szkolny-2021-2022","status":"publish","type":"post","link":"https:\/\/przedszkole18.edu.wroclaw.pl\/index.php\/2021\/09\/02\/propozycja-ubezpieczenia-nnw-dla-dzieci-na-rok-szkolny-2021-2022\/","title":{"rendered":"Propozycja ubezpieczenia NNW dla dzieci na rok szkolny 2021\/2022"},"content":{"rendered":"<p><span style=\"font-size: 14pt\"><em><strong><span style=\"color: #000080\">Szanowni Pa\u0144stwo,\u00a0 zamieszczam propozycje ubezpieczenia dla dzieci od Nast\u0119pstw Nieszcz\u0119\u015bliwych Wypadk\u00f3w na rok szkolny 2021\/2022 Ubezpieczenie jest w II wariantach, dzia\u0142a przez 24 godziny,\u00a0 bez wzgl\u0119du na miejsce zdarzenia. Zach\u0119cam do zapoznania si\u0119. Dalsze informacje\u00a0 w tym temacie na zebraniach rodzic\u00f3w poszczeg\u00f3lnych grup.<\/span><\/strong><\/em><\/span><\/p>\n<p><a href=\"https:\/\/przedszkole18.edu.wroclaw.pl\/wp-content\/uploads\/sites\/36\/2021\/09\/Program-10-000.pdf-POLISA-2021-22.pdf\">Program 10 000.pdf POLISA 2021-22<\/a><\/p>\n<p><a href=\"https:\/\/przedszkole18.edu.wroclaw.pl\/wp-content\/uploads\/sites\/36\/2021\/09\/Program-15-000.pdf-POLISA-2021-22.pdf\">Program 15 000.pdf POLISA 2021-22<\/a><\/p>\n<p><em><span style=\"color: #000080\">Pozdrawiam i \u017cycz\u0119 zdrowia. Lidia Walczak-I\u017cycka<\/span> <\/em><\/p>\n","protected":false},"excerpt":{"rendered":"<p>Szanowni Pa\u0144stwo,\u00a0 zamieszczam propozycje ubezpieczenia dla dzieci od Nast\u0119pstw Nieszcz\u0119\u015bliwych Wypadk\u00f3w na rok szkolny 2021\/2022 Ubezpieczenie jest w II wariantach, dzia\u0142a przez 24 godziny,\u00a0 bez wzgl\u0119du na miejsce zdarzenia. Zach\u0119cam [&hellip;]<\/p>\n","protected":false},"author":115,"featured_media":1727,"comment_status":"closed","ping_status":"closed","sticky":false,"template":"","format":"standard","meta":{"ngg_post_thumbnail":0,"footnotes":""},"categories":[3],"tags":[],"class_list":["post-4591","post","type-post","status-publish","format-standard","has-post-thumbnail","hentry","category-aktualnosci","clearfix"],"_links":{"self":[{"href":"https:\/\/przedszkole18.edu.wroclaw.pl\/index.php\/wp-json\/wp\/v2\/posts\/4591","targetHints":{"allow":["GET"]}}],"collection":[{"href":"https:\/\/przedszkole18.edu.wroclaw.pl\/index.php\/wp-json\/wp\/v2\/posts"}],"about":[{"href":"https:\/\/przedszkole18.edu.wroclaw.pl\/index.php\/wp-json\/wp\/v2\/types\/post"}],"author":[{"embeddable":true,"href":"https:\/\/przedszkole18.edu.wroclaw.pl\/index.php\/wp-json\/wp\/v2\/users\/115"}],"replies":[{"embeddable":true,"href":"https:\/\/przedszkole18.edu.wroclaw.pl\/index.php\/wp-json\/wp\/v2\/comments?post=4591"}],"version-history":[{"count":1,"href":"https:\/\/przedszkole18.edu.wroclaw.pl\/index.php\/wp-json\/wp\/v2\/posts\/4591\/revisions"}],"predecessor-version":[{"id":4592,"href":"https:\/\/przedszkole18.edu.wroclaw.pl\/index.php\/wp-json\/wp\/v2\/posts\/4591\/revisions\/4592"}],"wp:featuredmedia":[{"embeddable":true,"href":"https:\/\/przedszkole18.edu.wroclaw.pl\/index.php\/wp-json\/wp\/v2\/media\/1727"}],"wp:attachment":[{"href":"https:\/\/przedszkole18.edu.wroclaw.pl\/index.php\/wp-json\/wp\/v2\/media?parent=4591"}],"wp:term":[{"taxonomy":"category","embeddable":true,"href":"https:\/\/przedszkole18.edu.wroclaw.pl\/index.php\/wp-json\/wp\/v2\/categories?post=4591"},{"taxonomy":"post_tag","embeddable":true,"href":"https:\/\/przedszkole18.edu.wroclaw.pl\/index.php\/wp-json\/wp\/v2\/tags?post=4591"}],"curies":[{"name":"wp","href":"https:\/\/api.w.org\/{rel}","templated":true}]}}