
{"id":4596,"date":"2021-09-02T18:25:33","date_gmt":"2021-09-02T16:25:33","guid":{"rendered":"https:\/\/przedszkole18.edu.wroclaw.pl\/?p=4596"},"modified":"2021-09-02T22:12:59","modified_gmt":"2021-09-02T20:12:59","slug":"zebrania-organizacyjne","status":"publish","type":"post","link":"https:\/\/przedszkole18.edu.wroclaw.pl\/index.php\/2021\/09\/02\/zebrania-organizacyjne\/","title":{"rendered":"Zebrania organizacyjne!"},"content":{"rendered":"<p><span style=\"font-size: 14pt\"><em><strong><span style=\"color: #008000\">Drodzy rodzice!\u00a0 Mamy za sob\u0105 pierwsze spotkania &#8211; bardzo mi\u0142e.\u00a0 Dzi\u0119kujemy,\u00a0 \u017ce t\u0119sknili\u015bcie za nami.<\/span>\u00a0<\/strong><\/em><\/span> <img loading=\"lazy\" decoding=\"async\" class=\"alignnone wp-image-1594\" src=\"https:\/\/przedszkole18.edu.wroclaw.pl\/wp-content\/uploads\/sites\/36\/2020\/05\/indeks.png\" alt=\"\" width=\"43\" height=\"43\" srcset=\"https:\/\/przedszkole18.edu.wroclaw.pl\/wp-content\/uploads\/sites\/36\/2020\/05\/indeks.png 225w, https:\/\/przedszkole18.edu.wroclaw.pl\/wp-content\/uploads\/sites\/36\/2020\/05\/indeks-150x150.png 150w, https:\/\/przedszkole18.edu.wroclaw.pl\/wp-content\/uploads\/sites\/36\/2020\/05\/indeks-50x50.png 50w, https:\/\/przedszkole18.edu.wroclaw.pl\/wp-content\/uploads\/sites\/36\/2020\/05\/indeks-100x100.png 100w\" sizes=\"auto, (max-width: 43px) 100vw, 43px\" \/><span style=\"font-size: 14pt\"><em><strong><span style=\"color: #008000\">Pierwsze informacje i dokumenty mamy\u00a0 prawie w komplecie. Nadszed\u0142 zatem czas,\u00a0 na wizyt\u0119 w przedszkolnych salach naszych przemi\u0142ych rodzic\u00f3w. <\/span><\/strong><\/em><\/span><\/p>\n<p><span style=\"font-size: 14pt\"><em><strong><span style=\"color: #008000\">I tak,\u00a0 zebrania organizacyjne\u00a0 w poszczeg\u00f3lnych grupach,\u00a0 odb\u0119d\u0105 si\u0119 zgodnie z re\u017cimem sanitarnym<\/span> <\/strong><\/em><strong><em><span style=\"color: #008000\">\/maski, dezynfekcja r\u0105k\/ w dniach:<\/span> <\/em><\/strong><\/span><\/p>\n<p><em><strong><span style=\"font-size: 14pt;color: #3366ff\">Grupa II \u00a0\u00a0\u00a0\u00a0\u00a0\u00a0 07.09 godz. 16.00\u00a0 \/wtorek\/<\/span><\/strong><\/em><\/p>\n<p><em><strong><span style=\"font-size: 14pt;color: #3366ff\">Grupa I\u00a0\u00a0\u00a0\u00a0\u00a0\u00a0\u00a0\u00a0\u00a0 08.09. godz. 16.00 \/\u015broda\/<\/span><\/strong><\/em><\/p>\n<p><em><strong><span style=\"font-size: 14pt;color: #3366ff\">Grupa III\u00a0\u00a0\u00a0\u00a0 \u00a0 08.09 godz. 16.00 \/\u015broda\/<\/span><\/strong><\/em><\/p>\n<p><em><strong><span style=\"font-size: 14pt;color: #3366ff\">Grupa IV \u00a0 \u00a0 \u00a0 09.09\u00a0 godz. 16.00 \/czwartek\/<\/span><\/strong><\/em><\/p>\n<p><em><strong><span style=\"font-size: 14pt;color: #3366ff\">Grupa IV a \u00a0\u00a0 10.09 godz. 16.30 \/pi\u0105tek\/\u00a0<\/span><\/strong><\/em><\/p>\n<p><em><strong><span style=\"font-size: 14pt;color: #3366ff\">Grupa III a\u00a0 \u00a0\u00a0 20.09\u00a0 godz. 16.00 \/poniedzia\u0142ek\/\u00a0 <\/span><\/strong><\/em><\/p>\n<p><span style=\"font-size: 14pt;color: #800000\"><em><strong>Z uwagi na w\u0142a\u015bciw\u0105 organizacje spotka\u0144 z Wami kochani, prosz\u0119 jeden rodzic na zebranie, a drugi oczywi\u015bcie\u00a0 w miar\u0119 mo\u017cliwo\u015bci,\u00a0 zabiera dziecko z przedszkola na lody, p\u00f3ki jeszcze ciep\u0142o. <\/strong><\/em><\/span><\/p>\n<p><em><span style=\"color: #333399\">Pozdrawiam i \u017cycz\u0119 zdrowia. Dyrektor plac\u00f3wki Lidia Walczak-I\u017cycka<\/span> <\/em><\/p>\n","protected":false},"excerpt":{"rendered":"<p>Drodzy rodzice!\u00a0 Mamy za sob\u0105 pierwsze spotkania &#8211; bardzo mi\u0142e.\u00a0 Dzi\u0119kujemy,\u00a0 \u017ce t\u0119sknili\u015bcie za nami.\u00a0 Pierwsze informacje i dokumenty mamy\u00a0 prawie w komplecie. Nadszed\u0142 zatem czas,\u00a0 na wizyt\u0119 w przedszkolnych [&hellip;]<\/p>\n","protected":false},"author":115,"featured_media":0,"comment_status":"closed","ping_status":"closed","sticky":false,"template":"","format":"standard","meta":{"ngg_post_thumbnail":0,"footnotes":""},"categories":[3],"tags":[],"class_list":["post-4596","post","type-post","status-publish","format-standard","hentry","category-aktualnosci","clearfix"],"_links":{"self":[{"href":"https:\/\/przedszkole18.edu.wroclaw.pl\/index.php\/wp-json\/wp\/v2\/posts\/4596","targetHints":{"allow":["GET"]}}],"collection":[{"href":"https:\/\/przedszkole18.edu.wroclaw.pl\/index.php\/wp-json\/wp\/v2\/posts"}],"about":[{"href":"https:\/\/przedszkole18.edu.wroclaw.pl\/index.php\/wp-json\/wp\/v2\/types\/post"}],"author":[{"embeddable":true,"href":"https:\/\/przedszkole18.edu.wroclaw.pl\/index.php\/wp-json\/wp\/v2\/users\/115"}],"replies":[{"embeddable":true,"href":"https:\/\/przedszkole18.edu.wroclaw.pl\/index.php\/wp-json\/wp\/v2\/comments?post=4596"}],"version-history":[{"count":3,"href":"https:\/\/przedszkole18.edu.wroclaw.pl\/index.php\/wp-json\/wp\/v2\/posts\/4596\/revisions"}],"predecessor-version":[{"id":4600,"href":"https:\/\/przedszkole18.edu.wroclaw.pl\/index.php\/wp-json\/wp\/v2\/posts\/4596\/revisions\/4600"}],"wp:attachment":[{"href":"https:\/\/przedszkole18.edu.wroclaw.pl\/index.php\/wp-json\/wp\/v2\/media?parent=4596"}],"wp:term":[{"taxonomy":"category","embeddable":true,"href":"https:\/\/przedszkole18.edu.wroclaw.pl\/index.php\/wp-json\/wp\/v2\/categories?post=4596"},{"taxonomy":"post_tag","embeddable":true,"href":"https:\/\/przedszkole18.edu.wroclaw.pl\/index.php\/wp-json\/wp\/v2\/tags?post=4596"}],"curies":[{"name":"wp","href":"https:\/\/api.w.org\/{rel}","templated":true}]}}