
{"id":4649,"date":"2021-09-13T11:15:07","date_gmt":"2021-09-13T09:15:07","guid":{"rendered":"https:\/\/przedszkole18.edu.wroclaw.pl\/?p=4649"},"modified":"2021-09-13T11:15:07","modified_gmt":"2021-09-13T09:15:07","slug":"drodzy-rodzice-4","status":"publish","type":"post","link":"https:\/\/przedszkole18.edu.wroclaw.pl\/index.php\/2021\/09\/13\/drodzy-rodzice-4\/","title":{"rendered":"Drodzy Rodzice!"},"content":{"rendered":"<p><span style=\"font-size: 14pt;color: #008000\"><em><strong>Drodzy Rodzice.<\/strong> <\/em><\/span><\/p>\n<p><span style=\"color: #808000\"><em><strong><span style=\"font-size: 14pt\">Otrzyma\u0142am dzisiaj wiele telefon\u00f3w, dotycz\u0105cych zdrowia Pa\u0144stwa pociech, z przekazanych mi informacji wynika, \u017ce\u00a0 dzieci maj\u0105 objawy typowe dla anginy b\u0105d\u017a przezi\u0119bienia &#8211; g\u00f3l g\u0142owy, nudno\u015bci, wymioty i gor\u0105czka.<\/span><\/strong><\/em><\/span><\/p>\n<p><span style=\"font-size: 14pt;color: #666699\"><em><strong> Prosz\u0119 zatem o sprawdzanie samopoczucia dzieci przed przyj\u015bciem do plac\u00f3wki i je\u017celi si\u0119 co\u015b dzieje o przetrzymania i obserwacj\u0119 dziecka. Dzisiejsza frekwencja\u00a0 58% dzieci, \u015bwiadczy o tym, \u017ce ewidentnie co\u015b nas m\u0119czy.<\/strong> <\/em><\/span><\/p>\n<p><span style=\"color: #333333\"><em><strong>Pozdrawiam zatem wszystkich bardzo serdecznie, dbajcie o siebie.\u00a0 Dyrektor plac\u00f3wki Lidia Walczak-I\u017cycka<\/strong> <\/em><\/span><\/p>\n","protected":false},"excerpt":{"rendered":"<p>Drodzy Rodzice. Otrzyma\u0142am dzisiaj wiele telefon\u00f3w, dotycz\u0105cych zdrowia Pa\u0144stwa pociech, z przekazanych mi informacji wynika, \u017ce\u00a0 dzieci maj\u0105 objawy typowe dla anginy b\u0105d\u017a przezi\u0119bienia &#8211; g\u00f3l g\u0142owy, nudno\u015bci, wymioty i [&hellip;]<\/p>\n","protected":false},"author":115,"featured_media":1727,"comment_status":"closed","ping_status":"closed","sticky":false,"template":"","format":"standard","meta":{"ngg_post_thumbnail":0,"footnotes":""},"categories":[3],"tags":[],"class_list":["post-4649","post","type-post","status-publish","format-standard","has-post-thumbnail","hentry","category-aktualnosci","clearfix"],"_links":{"self":[{"href":"https:\/\/przedszkole18.edu.wroclaw.pl\/index.php\/wp-json\/wp\/v2\/posts\/4649","targetHints":{"allow":["GET"]}}],"collection":[{"href":"https:\/\/przedszkole18.edu.wroclaw.pl\/index.php\/wp-json\/wp\/v2\/posts"}],"about":[{"href":"https:\/\/przedszkole18.edu.wroclaw.pl\/index.php\/wp-json\/wp\/v2\/types\/post"}],"author":[{"embeddable":true,"href":"https:\/\/przedszkole18.edu.wroclaw.pl\/index.php\/wp-json\/wp\/v2\/users\/115"}],"replies":[{"embeddable":true,"href":"https:\/\/przedszkole18.edu.wroclaw.pl\/index.php\/wp-json\/wp\/v2\/comments?post=4649"}],"version-history":[{"count":1,"href":"https:\/\/przedszkole18.edu.wroclaw.pl\/index.php\/wp-json\/wp\/v2\/posts\/4649\/revisions"}],"predecessor-version":[{"id":4650,"href":"https:\/\/przedszkole18.edu.wroclaw.pl\/index.php\/wp-json\/wp\/v2\/posts\/4649\/revisions\/4650"}],"wp:featuredmedia":[{"embeddable":true,"href":"https:\/\/przedszkole18.edu.wroclaw.pl\/index.php\/wp-json\/wp\/v2\/media\/1727"}],"wp:attachment":[{"href":"https:\/\/przedszkole18.edu.wroclaw.pl\/index.php\/wp-json\/wp\/v2\/media?parent=4649"}],"wp:term":[{"taxonomy":"category","embeddable":true,"href":"https:\/\/przedszkole18.edu.wroclaw.pl\/index.php\/wp-json\/wp\/v2\/categories?post=4649"},{"taxonomy":"post_tag","embeddable":true,"href":"https:\/\/przedszkole18.edu.wroclaw.pl\/index.php\/wp-json\/wp\/v2\/tags?post=4649"}],"curies":[{"name":"wp","href":"https:\/\/api.w.org\/{rel}","templated":true}]}}