
{"id":467,"date":"2018-11-20T13:18:00","date_gmt":"2018-11-20T12:18:00","guid":{"rendered":"https:\/\/przedszkole18.edu.wroclaw.pl\/?p=467"},"modified":"2018-11-23T12:43:33","modified_gmt":"2018-11-23T11:43:33","slug":"zajecia-otwarte-w-grupie-i-a","status":"publish","type":"post","link":"https:\/\/przedszkole18.edu.wroclaw.pl\/index.php\/2018\/11\/20\/zajecia-otwarte-w-grupie-i-a\/","title":{"rendered":"Zaj\u0119cia otwarte w grupie I a"},"content":{"rendered":"<p>W dniu 29 listopada 2018r. o godzinie 15.30, w naszej grupie odb\u0119d\u0105 si\u0119 pierwsze w tym roku zaj\u0119cia otwarte dla rodzic\u00f3w i dzieci o tematyce:<br \/>\n\u201eWarsztaty z arteterapii\u201d.<!--more-->Serdecznie zapraszamy, prosimy o wcze\u015bniejsze potwierdzenie przybycia.<\/p>\n<p><img loading=\"lazy\" decoding=\"async\" width=\"300\" height=\"217\" class=\"size-medium wp-image-468 aligncenter\" alt=\"\" src=\"https:\/\/przedszkole18.edu.wroclaw.pl\/wp-content\/uploads\/sites\/36\/2018\/11\/1a-big-300x217.jpg\" srcset=\"https:\/\/przedszkole18.edu.wroclaw.pl\/wp-content\/uploads\/sites\/36\/2018\/11\/1a-big-300x217.jpg 300w, https:\/\/przedszkole18.edu.wroclaw.pl\/wp-content\/uploads\/sites\/36\/2018\/11\/1a-big-768x556.jpg 768w, https:\/\/przedszkole18.edu.wroclaw.pl\/wp-content\/uploads\/sites\/36\/2018\/11\/1a-big-600x434.jpg 600w, https:\/\/przedszkole18.edu.wroclaw.pl\/wp-content\/uploads\/sites\/36\/2018\/11\/1a-big-624x452.jpg 624w, https:\/\/przedszkole18.edu.wroclaw.pl\/wp-content\/uploads\/sites\/36\/2018\/11\/1a-big.jpg 800w\" sizes=\"auto, (max-width: 300px) 100vw, 300px\" \/><\/p>\n<p>Pani Joanna oraz Pani Agnieszka<\/p>\n","protected":false},"excerpt":{"rendered":"<p>W dniu 29 listopada 2018r. o godzinie 15.30, w naszej grupie odb\u0119d\u0105 si\u0119 pierwsze w tym roku zaj\u0119cia otwarte dla rodzic\u00f3w i dzieci o tematyce: \u201eWarsztaty z arteterapii\u201d.<\/p>\n","protected":false},"author":90,"featured_media":468,"comment_status":"closed","ping_status":"closed","sticky":false,"template":"","format":"standard","meta":{"ngg_post_thumbnail":0,"footnotes":""},"categories":[3],"tags":[],"class_list":["post-467","post","type-post","status-publish","format-standard","has-post-thumbnail","hentry","category-aktualnosci","clearfix"],"_links":{"self":[{"href":"https:\/\/przedszkole18.edu.wroclaw.pl\/index.php\/wp-json\/wp\/v2\/posts\/467","targetHints":{"allow":["GET"]}}],"collection":[{"href":"https:\/\/przedszkole18.edu.wroclaw.pl\/index.php\/wp-json\/wp\/v2\/posts"}],"about":[{"href":"https:\/\/przedszkole18.edu.wroclaw.pl\/index.php\/wp-json\/wp\/v2\/types\/post"}],"author":[{"embeddable":true,"href":"https:\/\/przedszkole18.edu.wroclaw.pl\/index.php\/wp-json\/wp\/v2\/users\/90"}],"replies":[{"embeddable":true,"href":"https:\/\/przedszkole18.edu.wroclaw.pl\/index.php\/wp-json\/wp\/v2\/comments?post=467"}],"version-history":[{"count":2,"href":"https:\/\/przedszkole18.edu.wroclaw.pl\/index.php\/wp-json\/wp\/v2\/posts\/467\/revisions"}],"predecessor-version":[{"id":591,"href":"https:\/\/przedszkole18.edu.wroclaw.pl\/index.php\/wp-json\/wp\/v2\/posts\/467\/revisions\/591"}],"wp:featuredmedia":[{"embeddable":true,"href":"https:\/\/przedszkole18.edu.wroclaw.pl\/index.php\/wp-json\/wp\/v2\/media\/468"}],"wp:attachment":[{"href":"https:\/\/przedszkole18.edu.wroclaw.pl\/index.php\/wp-json\/wp\/v2\/media?parent=467"}],"wp:term":[{"taxonomy":"category","embeddable":true,"href":"https:\/\/przedszkole18.edu.wroclaw.pl\/index.php\/wp-json\/wp\/v2\/categories?post=467"},{"taxonomy":"post_tag","embeddable":true,"href":"https:\/\/przedszkole18.edu.wroclaw.pl\/index.php\/wp-json\/wp\/v2\/tags?post=467"}],"curies":[{"name":"wp","href":"https:\/\/api.w.org\/{rel}","templated":true}]}}