
{"id":4680,"date":"2021-09-19T16:35:26","date_gmt":"2021-09-19T14:35:26","guid":{"rendered":"https:\/\/przedszkole18.edu.wroclaw.pl\/?p=4680"},"modified":"2021-09-19T16:35:26","modified_gmt":"2021-09-19T14:35:26","slug":"ubezpieczenie-nnw-2","status":"publish","type":"post","link":"https:\/\/przedszkole18.edu.wroclaw.pl\/index.php\/2021\/09\/19\/ubezpieczenie-nnw-2\/","title":{"rendered":"Ubezpieczenie  NNW."},"content":{"rendered":"<p><span style=\"color: #000080;font-size: 14pt\">Szanowni Pa\u0144stwo! Wszystkich chc\u0105cych skorzysta\u0107 z propozycji ubezpieczenia dzieci w bie\u017c\u0105cym roku szkolnym zapraszam w dniu 21\/ wtorek\/ w godzinach 14.30-17.00 Bed\u0119 oczekiwa\u0107 na Pa\u0144stwa zapisy i wyliczon\u0105 got\u00f3wk\u0119 w zale\u017cno\u015bci od wybranego przez Pa\u0144stwa\u00a0 wariantu\u00a0 ubezpieczenia. <\/span><\/p>\n<p><span style=\"color: #000080;font-size: 14pt\">Wariant I &#8211; 52 z\u0142 ubezpieczenie 10 000 z\u0142.<\/span><\/p>\n<p><span style=\"color: #000080;font-size: 14pt\">Wariant II &#8211; 70 z\u0142 ubezpieczenie 15 000 z\u0142. <\/span><\/p>\n<p><span style=\"color: #000080;font-size: 14pt\">Prosz\u0119 zapozna\u0107 si\u0119 z og\u00f3lnymi warunkami ubezpieczenia &#8211; wcze\u015bniejsze informacje w aktualno\u015bciach. <em><span style=\"color: #666699\">Pozdrawiam i \u017cycz\u0119 zdrowia. Dyrektor plac\u00f3wki. <\/span><\/em><\/span><\/p>\n","protected":false},"excerpt":{"rendered":"<p>Szanowni Pa\u0144stwo! Wszystkich chc\u0105cych skorzysta\u0107 z propozycji ubezpieczenia dzieci w bie\u017c\u0105cym roku szkolnym zapraszam w dniu 21\/ wtorek\/ w godzinach 14.30-17.00 Bed\u0119 oczekiwa\u0107 na Pa\u0144stwa zapisy i wyliczon\u0105 got\u00f3wk\u0119 w [&hellip;]<\/p>\n","protected":false},"author":115,"featured_media":478,"comment_status":"closed","ping_status":"closed","sticky":false,"template":"","format":"standard","meta":{"ngg_post_thumbnail":0,"footnotes":""},"categories":[3],"tags":[],"class_list":["post-4680","post","type-post","status-publish","format-standard","has-post-thumbnail","hentry","category-aktualnosci","clearfix"],"_links":{"self":[{"href":"https:\/\/przedszkole18.edu.wroclaw.pl\/index.php\/wp-json\/wp\/v2\/posts\/4680","targetHints":{"allow":["GET"]}}],"collection":[{"href":"https:\/\/przedszkole18.edu.wroclaw.pl\/index.php\/wp-json\/wp\/v2\/posts"}],"about":[{"href":"https:\/\/przedszkole18.edu.wroclaw.pl\/index.php\/wp-json\/wp\/v2\/types\/post"}],"author":[{"embeddable":true,"href":"https:\/\/przedszkole18.edu.wroclaw.pl\/index.php\/wp-json\/wp\/v2\/users\/115"}],"replies":[{"embeddable":true,"href":"https:\/\/przedszkole18.edu.wroclaw.pl\/index.php\/wp-json\/wp\/v2\/comments?post=4680"}],"version-history":[{"count":1,"href":"https:\/\/przedszkole18.edu.wroclaw.pl\/index.php\/wp-json\/wp\/v2\/posts\/4680\/revisions"}],"predecessor-version":[{"id":4681,"href":"https:\/\/przedszkole18.edu.wroclaw.pl\/index.php\/wp-json\/wp\/v2\/posts\/4680\/revisions\/4681"}],"wp:featuredmedia":[{"embeddable":true,"href":"https:\/\/przedszkole18.edu.wroclaw.pl\/index.php\/wp-json\/wp\/v2\/media\/478"}],"wp:attachment":[{"href":"https:\/\/przedszkole18.edu.wroclaw.pl\/index.php\/wp-json\/wp\/v2\/media?parent=4680"}],"wp:term":[{"taxonomy":"category","embeddable":true,"href":"https:\/\/przedszkole18.edu.wroclaw.pl\/index.php\/wp-json\/wp\/v2\/categories?post=4680"},{"taxonomy":"post_tag","embeddable":true,"href":"https:\/\/przedszkole18.edu.wroclaw.pl\/index.php\/wp-json\/wp\/v2\/tags?post=4680"}],"curies":[{"name":"wp","href":"https:\/\/api.w.org\/{rel}","templated":true}]}}