
{"id":4682,"date":"2021-09-19T16:52:06","date_gmt":"2021-09-19T14:52:06","guid":{"rendered":"https:\/\/przedszkole18.edu.wroclaw.pl\/?p=4682"},"modified":"2021-09-19T16:52:06","modified_gmt":"2021-09-19T14:52:06","slug":"wazne-10","status":"publish","type":"post","link":"https:\/\/przedszkole18.edu.wroclaw.pl\/index.php\/2021\/09\/19\/wazne-10\/","title":{"rendered":"Wa\u017cne!"},"content":{"rendered":"<p><span style=\"font-size: 14pt;color: #008000\"><em>Drodzy rodzice! <\/em><\/span><\/p>\n<p><span style=\"font-size: 14pt;color: #008000\"><em>Z informacji podawanych Pa\u0144stwu na zebraniach,\u00a0 pami\u0119tamy wspomniany &#8222;Dzie\u0144 pustej sali&#8217;,\u00a0 to jedna z propozycji\u00a0 programu realizowanego we wroc\u0142awskich plac\u00f3wkach o\u015bwiatowych &#8222;Edukacja w pandemii&#8221; Zapowiadali\u015bmy mo\u017cliwo\u015b\u0107 wyj\u015bcia dzieci starszych\/5,6 latki\/ do pobliskich park\u00f3w, oczywi\u015bcie za Pa\u0144stwa zgod\u0105. <\/em><\/span><\/p>\n<p><span style=\"font-size: 14pt;color: #008000\"><em>Z informacji od nauczycieli wiem, \u017ce takie zgody mamy, zatem w zale\u017cno\u015bci od warunk\u00f3w pogodowych w dniu jutrzejszym pokusimy si\u0119 o wyj\u015bcie z przedszkola do pobliskiego Parku To\u0142py i\u00a0 Parku Szczytnickiego. <\/em><\/span><\/p>\n<p><span style=\"font-size: 14pt;color: #008000\"><em>Oczywi\u015bcie tan czasu zaplanujemy tak,\u00a0 by wszyscy na \u0142onie natury,\u00a0 poczuli si\u0119 zdrowo i bezpiecznie. Pa\u0144stwa prosimy o zapewnienie dzieciom w\u0142a\u015bciwego do warunk\u00f3w pogodowych ubrania i wygodnych but\u00f3w.<\/em><\/span><\/p>\n<p><span style=\"font-size: 14pt;color: #008000\"><em> Dzieci 3,4 letnie &#8211; grupy m\u0142odsze\u00a0 pozostan\u0105 w przedszkolnym ogrodzie, zorganizujemy\u00a0 zabawy i zaj\u0119cia z wykorzystaniem sprz\u0119tu sportowego. Mamy nadziej\u0119 dobrze si\u0119 bawi\u0107, \u017cyczcie nam kochani dobrej pogody.<\/em> <\/span><\/p>\n<p><em><span style=\"color: #333399\">Zapewniam,\u00a0 wszystko w ramach zdrowego rozs\u0105dku. Pozdrawiam serdecznie i \u017cycz\u0119 zdrowia.Dyrektor plac\u00f3wki.\u00a0 Lidia Walczak-I\u017cycka<\/span> <\/em><\/p>\n","protected":false},"excerpt":{"rendered":"<p>Drodzy rodzice! Z informacji podawanych Pa\u0144stwu na zebraniach,\u00a0 pami\u0119tamy wspomniany &#8222;Dzie\u0144 pustej sali&#8217;,\u00a0 to jedna z propozycji\u00a0 programu realizowanego we wroc\u0142awskich plac\u00f3wkach o\u015bwiatowych &#8222;Edukacja w pandemii&#8221; Zapowiadali\u015bmy mo\u017cliwo\u015b\u0107 wyj\u015bcia dzieci [&hellip;]<\/p>\n","protected":false},"author":115,"featured_media":0,"comment_status":"closed","ping_status":"closed","sticky":false,"template":"","format":"standard","meta":{"ngg_post_thumbnail":0,"footnotes":""},"categories":[3],"tags":[],"class_list":["post-4682","post","type-post","status-publish","format-standard","hentry","category-aktualnosci","clearfix"],"_links":{"self":[{"href":"https:\/\/przedszkole18.edu.wroclaw.pl\/index.php\/wp-json\/wp\/v2\/posts\/4682","targetHints":{"allow":["GET"]}}],"collection":[{"href":"https:\/\/przedszkole18.edu.wroclaw.pl\/index.php\/wp-json\/wp\/v2\/posts"}],"about":[{"href":"https:\/\/przedszkole18.edu.wroclaw.pl\/index.php\/wp-json\/wp\/v2\/types\/post"}],"author":[{"embeddable":true,"href":"https:\/\/przedszkole18.edu.wroclaw.pl\/index.php\/wp-json\/wp\/v2\/users\/115"}],"replies":[{"embeddable":true,"href":"https:\/\/przedszkole18.edu.wroclaw.pl\/index.php\/wp-json\/wp\/v2\/comments?post=4682"}],"version-history":[{"count":1,"href":"https:\/\/przedszkole18.edu.wroclaw.pl\/index.php\/wp-json\/wp\/v2\/posts\/4682\/revisions"}],"predecessor-version":[{"id":4683,"href":"https:\/\/przedszkole18.edu.wroclaw.pl\/index.php\/wp-json\/wp\/v2\/posts\/4682\/revisions\/4683"}],"wp:attachment":[{"href":"https:\/\/przedszkole18.edu.wroclaw.pl\/index.php\/wp-json\/wp\/v2\/media?parent=4682"}],"wp:term":[{"taxonomy":"category","embeddable":true,"href":"https:\/\/przedszkole18.edu.wroclaw.pl\/index.php\/wp-json\/wp\/v2\/categories?post=4682"},{"taxonomy":"post_tag","embeddable":true,"href":"https:\/\/przedszkole18.edu.wroclaw.pl\/index.php\/wp-json\/wp\/v2\/tags?post=4682"}],"curies":[{"name":"wp","href":"https:\/\/api.w.org\/{rel}","templated":true}]}}