
{"id":4737,"date":"2021-09-22T12:36:52","date_gmt":"2021-09-22T10:36:52","guid":{"rendered":"https:\/\/przedszkole18.edu.wroclaw.pl\/?p=4737"},"modified":"2021-09-22T12:36:52","modified_gmt":"2021-09-22T10:36:52","slug":"wazne-11","status":"publish","type":"post","link":"https:\/\/przedszkole18.edu.wroclaw.pl\/index.php\/2021\/09\/22\/wazne-11\/","title":{"rendered":"Wa\u017cne!"},"content":{"rendered":"<p><span style=\"font-size: 14pt;color: #008000\"><em><strong>Szanowni Pa\u0144stwo!<\/strong><\/em><\/span><\/p>\n<p><em><span style=\"color: #008000;font-size: 14pt\">W dniu wczorajszym otrzymali Pa\u0144stwo has\u0142a do logowania na platform\u0119 Fundacji Mali Wspaniali, kt\u00f3ra od wielu lat z powodzeniem i rado\u015bci\u0105 dla dzieciaczk\u00f3w, prowadzi zaj\u0119cia og\u00f3lnorozwojowe z elementami karate w naszej plac\u00f3wce. Tegoroczna edycja mog\u0105c zaistnie\u0107 w przedszkolu, wymaga od Pa\u0144stwa zalogowania si\u0119 do platformy z u\u017cyciem\u00a0 przekazanych Pa\u0144stwu hase\u0142. Je\u017celi pobrane w dniu wczorajszym has\u0142a s\u0105 ju\u017c nieaktywne, prosz\u0119 zg\u0142osi\u0107 si\u0119 do nauczycieli grup przeka\u017c\u0105 Pa\u0144stwu nowe, wygenerowane z systemu dzisiaj. S\u0105 one wa\u017cne przez 12 dni w ci\u0105gu, kt\u00f3rych nale\u017cy si\u0119 zalogowa\u0107.<\/span><\/em><\/p>\n<p><em><span style=\"color: #800080;font-size: 14pt\"> Brak logowania na platformie,\u00a0 spowoduje ponownie konieczno\u015b\u0107 generowania nowych kod\u00f3w i wyd\u0142u\u017cy czas zamkni\u0119cia ca\u0142ej procedury. \u00a0\u00a0<\/span><\/em><\/p>\n<p><span style=\"font-size: 14pt\"><em><span style=\"color: #993300\"> Prosz\u0119 zatem w dniu dzisiejszym odebra\u0107 od nauczycieli kody do logowania na platform\u0119 Mali Wspaniali. <img loading=\"lazy\" decoding=\"async\" class=\"alignnone size-medium wp-image-3791\" src=\"https:\/\/przedszkole18.edu.wroclaw.pl\/wp-content\/uploads\/sites\/36\/2021\/04\/2-300x300.png\" alt=\"\" width=\"300\" height=\"300\" \/><\/span><\/em><\/span><\/p>\n<p><span style=\"font-size: 14pt\"><em><span style=\"color: #993300\">Dzieci ch\u0119tnie uczestnicz\u0105 w zaj\u0119ciach, s\u0105 one bezp\u0142atne i w sytuacji dobrej pogody realizowane tak\u017ce na \u015bwie\u017cym powietrzu.<\/span> <\/em><\/span><\/p>\n<p><em><span style=\"color: #666699\">Pozdrawiam i \u017cycz\u0119 zdrowia. Dyrektor Przedszkola Lidia Walczak-I\u017cycka<\/span> <\/em><\/p>\n","protected":false},"excerpt":{"rendered":"<p>Szanowni Pa\u0144stwo! W dniu wczorajszym otrzymali Pa\u0144stwo has\u0142a do logowania na platform\u0119 Fundacji Mali Wspaniali, kt\u00f3ra od wielu lat z powodzeniem i rado\u015bci\u0105 dla dzieciaczk\u00f3w, prowadzi zaj\u0119cia og\u00f3lnorozwojowe z elementami [&hellip;]<\/p>\n","protected":false},"author":115,"featured_media":2448,"comment_status":"closed","ping_status":"closed","sticky":false,"template":"","format":"standard","meta":{"ngg_post_thumbnail":0,"footnotes":""},"categories":[3],"tags":[],"class_list":["post-4737","post","type-post","status-publish","format-standard","has-post-thumbnail","hentry","category-aktualnosci","clearfix"],"_links":{"self":[{"href":"https:\/\/przedszkole18.edu.wroclaw.pl\/index.php\/wp-json\/wp\/v2\/posts\/4737","targetHints":{"allow":["GET"]}}],"collection":[{"href":"https:\/\/przedszkole18.edu.wroclaw.pl\/index.php\/wp-json\/wp\/v2\/posts"}],"about":[{"href":"https:\/\/przedszkole18.edu.wroclaw.pl\/index.php\/wp-json\/wp\/v2\/types\/post"}],"author":[{"embeddable":true,"href":"https:\/\/przedszkole18.edu.wroclaw.pl\/index.php\/wp-json\/wp\/v2\/users\/115"}],"replies":[{"embeddable":true,"href":"https:\/\/przedszkole18.edu.wroclaw.pl\/index.php\/wp-json\/wp\/v2\/comments?post=4737"}],"version-history":[{"count":1,"href":"https:\/\/przedszkole18.edu.wroclaw.pl\/index.php\/wp-json\/wp\/v2\/posts\/4737\/revisions"}],"predecessor-version":[{"id":4738,"href":"https:\/\/przedszkole18.edu.wroclaw.pl\/index.php\/wp-json\/wp\/v2\/posts\/4737\/revisions\/4738"}],"wp:featuredmedia":[{"embeddable":true,"href":"https:\/\/przedszkole18.edu.wroclaw.pl\/index.php\/wp-json\/wp\/v2\/media\/2448"}],"wp:attachment":[{"href":"https:\/\/przedszkole18.edu.wroclaw.pl\/index.php\/wp-json\/wp\/v2\/media?parent=4737"}],"wp:term":[{"taxonomy":"category","embeddable":true,"href":"https:\/\/przedszkole18.edu.wroclaw.pl\/index.php\/wp-json\/wp\/v2\/categories?post=4737"},{"taxonomy":"post_tag","embeddable":true,"href":"https:\/\/przedszkole18.edu.wroclaw.pl\/index.php\/wp-json\/wp\/v2\/tags?post=4737"}],"curies":[{"name":"wp","href":"https:\/\/api.w.org\/{rel}","templated":true}]}}