
{"id":4762,"date":"2021-09-24T11:46:00","date_gmt":"2021-09-24T09:46:00","guid":{"rendered":"https:\/\/przedszkole18.edu.wroclaw.pl\/?p=4762"},"modified":"2021-09-24T11:53:51","modified_gmt":"2021-09-24T09:53:51","slug":"zajecia-muzyczne-informacje-dla-rodzicow","status":"publish","type":"post","link":"https:\/\/przedszkole18.edu.wroclaw.pl\/index.php\/2021\/09\/24\/zajecia-muzyczne-informacje-dla-rodzicow\/","title":{"rendered":"Zaj\u0119cia muzyczne &#8211; informacje dla Rodzic\u00f3w"},"content":{"rendered":"<p><span style=\"font-family: times new roman, times, serif\">Szanowni Pa\u0144stwo,<\/span><\/p>\n<p><span style=\"font-family: times new roman, times, serif\">zako\u0144czyli\u015bmy ju\u017c badania predyspozycji muzycznych pi\u0119cio- i sze\u015bciolatk\u00f3w, kt\u00f3re s\u0105 podstaw\u0105 do obj\u0119cia dziecka dodatkowymi zaj\u0119ciami muzycznymi w naszym Przedszkolu (nauka gry na pianinie, skrzypcach, lub flecie, zesp\u00f3\u0142 instrument\u00f3w Orffa).<\/span><\/p>\n<p><span style=\"font-family: times new roman, times, serif\">Wi\u0119cej informacji na ten temat oraz <strong>listy zakwalifikowanych dzieci wraz z przydzia\u0142em do nauczyciela<\/strong> znajdziecie Pa\u0144stwo\u00a0 na stronie internetowej plac\u00f3wki w zak\u0142adce <strong>\/Dzia\u0142ania muzyczne<\/strong> w rozwijanej u g\u00f3ry strony li\u015bcie <strong>\/Grupy<\/strong>.<\/span><\/p>\n<p><span style=\"font-family: times new roman, times, serif\">Wszelkie pytania prosimy kierowa\u0107 bezpo\u015brednio do nauczycieli muzyki, pisz\u0105c na adres mailowy:\u00a0 <strong>wiolinek.rytmika@gmail.com<\/strong><\/span><\/p>\n<p>&nbsp;<\/p>\n<p><span style=\"font-family: times new roman, times, serif\">Rodzic\u00f3w dzieci rozpoczynaj\u0105cych nauk\u0119 gry na instrumencie w przedszkolu w bie\u017c\u0105cym roku szkolnym zapraszamy na spotkanie organizacyjne, kt\u00f3re odb\u0119dzie si\u0119 w <strong>\u00a0PONIEDZIA\u0141EK,\u00a0 27.09.2021 r.<\/strong> o godzinie 1<strong>6.00<\/strong>,<\/span><br \/>\n<span style=\"font-family: times new roman, times, serif\">w sali grupy <strong>II.<\/strong><\/span><\/p>\n<p>&nbsp;<\/p>\n<p><span style=\"font-family: times new roman, times, serif\">Prosimy pami\u0119ta\u0107 o obowi\u0105zku zakrywania ust i nosa podczas przebywania na terenie plac\u00f3wki.<\/span><\/p>\n<p>&nbsp;<\/p>\n<p style=\"text-align: right\"><span style=\"font-family: times new roman, times, serif\">Nauczyciele muzyki<\/span><\/p>\n","protected":false},"excerpt":{"rendered":"<p>Szanowni Pa\u0144stwo, zako\u0144czyli\u015bmy ju\u017c badania predyspozycji muzycznych pi\u0119cio- i sze\u015bciolatk\u00f3w, kt\u00f3re s\u0105 podstaw\u0105 do obj\u0119cia dziecka dodatkowymi zaj\u0119ciami muzycznymi w naszym Przedszkolu (nauka gry na pianinie, skrzypcach, lub flecie, zesp\u00f3\u0142 [&hellip;]<\/p>\n","protected":false},"author":105,"featured_media":3730,"comment_status":"closed","ping_status":"closed","sticky":false,"template":"","format":"standard","meta":{"ngg_post_thumbnail":0,"footnotes":""},"categories":[3],"tags":[],"class_list":["post-4762","post","type-post","status-publish","format-standard","has-post-thumbnail","hentry","category-aktualnosci","clearfix"],"_links":{"self":[{"href":"https:\/\/przedszkole18.edu.wroclaw.pl\/index.php\/wp-json\/wp\/v2\/posts\/4762","targetHints":{"allow":["GET"]}}],"collection":[{"href":"https:\/\/przedszkole18.edu.wroclaw.pl\/index.php\/wp-json\/wp\/v2\/posts"}],"about":[{"href":"https:\/\/przedszkole18.edu.wroclaw.pl\/index.php\/wp-json\/wp\/v2\/types\/post"}],"author":[{"embeddable":true,"href":"https:\/\/przedszkole18.edu.wroclaw.pl\/index.php\/wp-json\/wp\/v2\/users\/105"}],"replies":[{"embeddable":true,"href":"https:\/\/przedszkole18.edu.wroclaw.pl\/index.php\/wp-json\/wp\/v2\/comments?post=4762"}],"version-history":[{"count":3,"href":"https:\/\/przedszkole18.edu.wroclaw.pl\/index.php\/wp-json\/wp\/v2\/posts\/4762\/revisions"}],"predecessor-version":[{"id":4767,"href":"https:\/\/przedszkole18.edu.wroclaw.pl\/index.php\/wp-json\/wp\/v2\/posts\/4762\/revisions\/4767"}],"wp:featuredmedia":[{"embeddable":true,"href":"https:\/\/przedszkole18.edu.wroclaw.pl\/index.php\/wp-json\/wp\/v2\/media\/3730"}],"wp:attachment":[{"href":"https:\/\/przedszkole18.edu.wroclaw.pl\/index.php\/wp-json\/wp\/v2\/media?parent=4762"}],"wp:term":[{"taxonomy":"category","embeddable":true,"href":"https:\/\/przedszkole18.edu.wroclaw.pl\/index.php\/wp-json\/wp\/v2\/categories?post=4762"},{"taxonomy":"post_tag","embeddable":true,"href":"https:\/\/przedszkole18.edu.wroclaw.pl\/index.php\/wp-json\/wp\/v2\/tags?post=4762"}],"curies":[{"name":"wp","href":"https:\/\/api.w.org\/{rel}","templated":true}]}}