
{"id":477,"date":"2018-11-15T10:30:37","date_gmt":"2018-11-15T09:30:37","guid":{"rendered":"https:\/\/przedszkole18.edu.wroclaw.pl\/?p=477"},"modified":"2018-11-27T09:26:04","modified_gmt":"2018-11-27T08:26:04","slug":"zajecie-otwarte-w-grupie-iii-a","status":"publish","type":"post","link":"https:\/\/przedszkole18.edu.wroclaw.pl\/index.php\/2018\/11\/15\/zajecie-otwarte-w-grupie-iii-a\/","title":{"rendered":"ZAJ\u0118CIE OTWARTE W GRUPIE III A"},"content":{"rendered":"<p>Dnia 21.11.2018 r. o godz.15.30 , zapraszamy na zaj\u0119cie otwarte, kt\u00f3re prowadzone b\u0119dzie w formie quizu wiedzy o naszej Ojczy\u017anie. Zapraszaj\u0105 dzieci i panie.<\/p>\n","protected":false},"excerpt":{"rendered":"<p>Dnia 21.11.2018 r. o godz.15.30 , zapraszamy na zaj\u0119cie otwarte, kt\u00f3re prowadzone b\u0119dzie w formie quizu wiedzy o naszej Ojczy\u017anie. Zapraszaj\u0105 dzieci i panie.<\/p>\n","protected":false},"author":90,"featured_media":629,"comment_status":"closed","ping_status":"closed","sticky":false,"template":"","format":"standard","meta":{"ngg_post_thumbnail":0,"footnotes":""},"categories":[3],"tags":[],"class_list":["post-477","post","type-post","status-publish","format-standard","has-post-thumbnail","hentry","category-aktualnosci","clearfix"],"_links":{"self":[{"href":"https:\/\/przedszkole18.edu.wroclaw.pl\/index.php\/wp-json\/wp\/v2\/posts\/477","targetHints":{"allow":["GET"]}}],"collection":[{"href":"https:\/\/przedszkole18.edu.wroclaw.pl\/index.php\/wp-json\/wp\/v2\/posts"}],"about":[{"href":"https:\/\/przedszkole18.edu.wroclaw.pl\/index.php\/wp-json\/wp\/v2\/types\/post"}],"author":[{"embeddable":true,"href":"https:\/\/przedszkole18.edu.wroclaw.pl\/index.php\/wp-json\/wp\/v2\/users\/90"}],"replies":[{"embeddable":true,"href":"https:\/\/przedszkole18.edu.wroclaw.pl\/index.php\/wp-json\/wp\/v2\/comments?post=477"}],"version-history":[{"count":1,"href":"https:\/\/przedszkole18.edu.wroclaw.pl\/index.php\/wp-json\/wp\/v2\/posts\/477\/revisions"}],"predecessor-version":[{"id":479,"href":"https:\/\/przedszkole18.edu.wroclaw.pl\/index.php\/wp-json\/wp\/v2\/posts\/477\/revisions\/479"}],"wp:featuredmedia":[{"embeddable":true,"href":"https:\/\/przedszkole18.edu.wroclaw.pl\/index.php\/wp-json\/wp\/v2\/media\/629"}],"wp:attachment":[{"href":"https:\/\/przedszkole18.edu.wroclaw.pl\/index.php\/wp-json\/wp\/v2\/media?parent=477"}],"wp:term":[{"taxonomy":"category","embeddable":true,"href":"https:\/\/przedszkole18.edu.wroclaw.pl\/index.php\/wp-json\/wp\/v2\/categories?post=477"},{"taxonomy":"post_tag","embeddable":true,"href":"https:\/\/przedszkole18.edu.wroclaw.pl\/index.php\/wp-json\/wp\/v2\/tags?post=477"}],"curies":[{"name":"wp","href":"https:\/\/api.w.org\/{rel}","templated":true}]}}