
{"id":480,"date":"2018-11-13T10:35:30","date_gmt":"2018-11-13T09:35:30","guid":{"rendered":"https:\/\/przedszkole18.edu.wroclaw.pl\/?p=480"},"modified":"2018-11-27T09:27:30","modified_gmt":"2018-11-27T08:27:30","slug":"wystawa-zdjec","status":"publish","type":"post","link":"https:\/\/przedszkole18.edu.wroclaw.pl\/index.php\/2018\/11\/13\/wystawa-zdjec\/","title":{"rendered":"WYSTAWA ZDJ\u0118\u0106"},"content":{"rendered":"<p>Serdecznie zapraszamy rodzic\u00f3w do zapoznania si\u0119 z poni\u017cszym za\u0142\u0105cznikiem dotycz\u0105cym wystawy zdj\u0119\u0107 pt. &#8222;Pokochaj pluszowego misia&#8221; &#8211; m\u00f3j mi\u015b i ja<\/p>\n<p><a href=\"https:\/\/przedszkole18.edu.wroclaw.pl\/wp-content\/uploads\/sites\/36\/2018\/11\/pluszowy-mis.pdf\" target=\"_blank\" rel=\"noopener\">Pluszowy Mi\u015b &#8211; Pobierz plik<\/a><\/p>\n","protected":false},"excerpt":{"rendered":"<p>Serdecznie zapraszamy rodzic\u00f3w do zapoznania si\u0119 z poni\u017cszym za\u0142\u0105cznikiem dotycz\u0105cym wystawy zdj\u0119\u0107 pt. &#8222;Pokochaj pluszowego misia&#8221; &#8211; m\u00f3j mi\u015b i ja Pluszowy Mi\u015b &#8211; Pobierz plik<\/p>\n","protected":false},"author":90,"featured_media":629,"comment_status":"closed","ping_status":"closed","sticky":false,"template":"","format":"standard","meta":{"ngg_post_thumbnail":0,"footnotes":""},"categories":[3],"tags":[],"class_list":["post-480","post","type-post","status-publish","format-standard","has-post-thumbnail","hentry","category-aktualnosci","clearfix"],"_links":{"self":[{"href":"https:\/\/przedszkole18.edu.wroclaw.pl\/index.php\/wp-json\/wp\/v2\/posts\/480","targetHints":{"allow":["GET"]}}],"collection":[{"href":"https:\/\/przedszkole18.edu.wroclaw.pl\/index.php\/wp-json\/wp\/v2\/posts"}],"about":[{"href":"https:\/\/przedszkole18.edu.wroclaw.pl\/index.php\/wp-json\/wp\/v2\/types\/post"}],"author":[{"embeddable":true,"href":"https:\/\/przedszkole18.edu.wroclaw.pl\/index.php\/wp-json\/wp\/v2\/users\/90"}],"replies":[{"embeddable":true,"href":"https:\/\/przedszkole18.edu.wroclaw.pl\/index.php\/wp-json\/wp\/v2\/comments?post=480"}],"version-history":[{"count":1,"href":"https:\/\/przedszkole18.edu.wroclaw.pl\/index.php\/wp-json\/wp\/v2\/posts\/480\/revisions"}],"predecessor-version":[{"id":482,"href":"https:\/\/przedszkole18.edu.wroclaw.pl\/index.php\/wp-json\/wp\/v2\/posts\/480\/revisions\/482"}],"wp:featuredmedia":[{"embeddable":true,"href":"https:\/\/przedszkole18.edu.wroclaw.pl\/index.php\/wp-json\/wp\/v2\/media\/629"}],"wp:attachment":[{"href":"https:\/\/przedszkole18.edu.wroclaw.pl\/index.php\/wp-json\/wp\/v2\/media?parent=480"}],"wp:term":[{"taxonomy":"category","embeddable":true,"href":"https:\/\/przedszkole18.edu.wroclaw.pl\/index.php\/wp-json\/wp\/v2\/categories?post=480"},{"taxonomy":"post_tag","embeddable":true,"href":"https:\/\/przedszkole18.edu.wroclaw.pl\/index.php\/wp-json\/wp\/v2\/tags?post=480"}],"curies":[{"name":"wp","href":"https:\/\/api.w.org\/{rel}","templated":true}]}}