
{"id":4804,"date":"2021-09-27T14:31:49","date_gmt":"2021-09-27T12:31:49","guid":{"rendered":"https:\/\/przedszkole18.edu.wroclaw.pl\/?p=4804"},"modified":"2021-09-27T14:32:30","modified_gmt":"2021-09-27T12:32:30","slug":"przedszkolan-rada-rodzicow-spotkanie","status":"publish","type":"post","link":"https:\/\/przedszkole18.edu.wroclaw.pl\/index.php\/2021\/09\/27\/przedszkolan-rada-rodzicow-spotkanie\/","title":{"rendered":"Rada Rodzic\u00f3w &#8211; spotkanie!"},"content":{"rendered":"<p><span style=\"color: #008000\"><strong><em><span style=\"font-size: 14pt\">Szanowni Pa\u0144stwo!<\/span><\/em><\/strong><\/span><\/p>\n<p><span style=\"font-size: 14pt;color: #008000\"><strong><em>Dyrektor przedszkola, zaprasza na spotkanie organizacyjne przedstawicieli Rady Rodzic\u00f3w wszystkich grup. <\/em><\/strong><\/span><\/p>\n<p><span style=\"font-size: 14pt;color: #008000\"><strong><em>Zgodnie z informacj\u0105 przekazan\u0105 po spotkaniach w grupach, macie ju\u017c Pa\u0144stwo wybrane 3 grupowe zapraszam zatem w dniu <span style=\"color: #800080\">30 wrze\u015bnia\/ czwartek\/ o godzinie 15.30<\/span> <span style=\"color: #800080\">do sali grupy III<\/span>,\u00a0 na pierwsze wa\u017cne spotkanie.<\/em><\/strong><\/span><\/p>\n<p><span style=\"font-size: 14pt;color: #008080\"><span style=\"color: #008000\"><strong><em> Prosz\u0119 pami\u0119ta\u0107 o zas\u0142oni\u0119ciu ust i nosa oraz dezynfekcji r\u0105k. <\/em><\/strong><\/span><em><span style=\"font-size: 12pt\">Pozdrawiam i zapraszam serdecznie. Dyrektor plac\u00f3wki Lidia Walczak-I\u017cycka<\/span><\/em><\/span><\/p>\n","protected":false},"excerpt":{"rendered":"<p>Szanowni Pa\u0144stwo! Dyrektor przedszkola, zaprasza na spotkanie organizacyjne przedstawicieli Rady Rodzic\u00f3w wszystkich grup. Zgodnie z informacj\u0105 przekazan\u0105 po spotkaniach w grupach, macie ju\u017c Pa\u0144stwo wybrane 3 grupowe zapraszam zatem w [&hellip;]<\/p>\n","protected":false},"author":115,"featured_media":2252,"comment_status":"closed","ping_status":"closed","sticky":false,"template":"","format":"standard","meta":{"ngg_post_thumbnail":0,"footnotes":""},"categories":[3],"tags":[],"class_list":["post-4804","post","type-post","status-publish","format-standard","has-post-thumbnail","hentry","category-aktualnosci","clearfix"],"_links":{"self":[{"href":"https:\/\/przedszkole18.edu.wroclaw.pl\/index.php\/wp-json\/wp\/v2\/posts\/4804","targetHints":{"allow":["GET"]}}],"collection":[{"href":"https:\/\/przedszkole18.edu.wroclaw.pl\/index.php\/wp-json\/wp\/v2\/posts"}],"about":[{"href":"https:\/\/przedszkole18.edu.wroclaw.pl\/index.php\/wp-json\/wp\/v2\/types\/post"}],"author":[{"embeddable":true,"href":"https:\/\/przedszkole18.edu.wroclaw.pl\/index.php\/wp-json\/wp\/v2\/users\/115"}],"replies":[{"embeddable":true,"href":"https:\/\/przedszkole18.edu.wroclaw.pl\/index.php\/wp-json\/wp\/v2\/comments?post=4804"}],"version-history":[{"count":2,"href":"https:\/\/przedszkole18.edu.wroclaw.pl\/index.php\/wp-json\/wp\/v2\/posts\/4804\/revisions"}],"predecessor-version":[{"id":4806,"href":"https:\/\/przedszkole18.edu.wroclaw.pl\/index.php\/wp-json\/wp\/v2\/posts\/4804\/revisions\/4806"}],"wp:featuredmedia":[{"embeddable":true,"href":"https:\/\/przedszkole18.edu.wroclaw.pl\/index.php\/wp-json\/wp\/v2\/media\/2252"}],"wp:attachment":[{"href":"https:\/\/przedszkole18.edu.wroclaw.pl\/index.php\/wp-json\/wp\/v2\/media?parent=4804"}],"wp:term":[{"taxonomy":"category","embeddable":true,"href":"https:\/\/przedszkole18.edu.wroclaw.pl\/index.php\/wp-json\/wp\/v2\/categories?post=4804"},{"taxonomy":"post_tag","embeddable":true,"href":"https:\/\/przedszkole18.edu.wroclaw.pl\/index.php\/wp-json\/wp\/v2\/tags?post=4804"}],"curies":[{"name":"wp","href":"https:\/\/api.w.org\/{rel}","templated":true}]}}