
{"id":4807,"date":"2021-09-27T15:12:28","date_gmt":"2021-09-27T13:12:28","guid":{"rendered":"https:\/\/przedszkole18.edu.wroclaw.pl\/?p=4807"},"modified":"2021-09-27T15:12:28","modified_gmt":"2021-09-27T13:12:28","slug":"ubezpieczenie-drugi-termin","status":"publish","type":"post","link":"https:\/\/przedszkole18.edu.wroclaw.pl\/index.php\/2021\/09\/27\/ubezpieczenie-drugi-termin\/","title":{"rendered":"Ubezpieczenie &#8211; drugi termin!"},"content":{"rendered":"<p><span style=\"color: #800000;font-size: 14pt\"><em><strong>Zapraszam zainteresowanych ubezpieczeniem rodzic\u00f3w w dniu 29 wrze\u015bnia \/\u015broda\/.<\/strong><\/em><\/span><\/p>\n<p><span style=\"color: #800000;font-size: 14pt\"><em><strong>Prosz\u0119 przygotowa\u0107 wyliczon\u0105 kwot\u0119, \u00a0 zgodnie z wybrany wariantem ubezpieczenia oraz pesel dziecka. <\/strong><\/em><\/span><\/p>\n<p><span style=\"color: #003300;font-size: 14pt\"><em><strong>Czekam na Pa\u0144stwa w godzinach 14.30-17.00 \u00a0 <\/strong>Pozdrawiam i \u017cycz\u0119 zdrowia.\u00a0 <\/em><\/span><\/p>\n","protected":false},"excerpt":{"rendered":"<p>Zapraszam zainteresowanych ubezpieczeniem rodzic\u00f3w w dniu 29 wrze\u015bnia \/\u015broda\/. Prosz\u0119 przygotowa\u0107 wyliczon\u0105 kwot\u0119, \u00a0 zgodnie z wybrany wariantem ubezpieczenia oraz pesel dziecka. Czekam na Pa\u0144stwa w godzinach 14.30-17.00 \u00a0 Pozdrawiam [&hellip;]<\/p>\n","protected":false},"author":115,"featured_media":839,"comment_status":"closed","ping_status":"closed","sticky":false,"template":"","format":"standard","meta":{"ngg_post_thumbnail":0,"footnotes":""},"categories":[3],"tags":[],"class_list":["post-4807","post","type-post","status-publish","format-standard","has-post-thumbnail","hentry","category-aktualnosci","clearfix"],"_links":{"self":[{"href":"https:\/\/przedszkole18.edu.wroclaw.pl\/index.php\/wp-json\/wp\/v2\/posts\/4807","targetHints":{"allow":["GET"]}}],"collection":[{"href":"https:\/\/przedszkole18.edu.wroclaw.pl\/index.php\/wp-json\/wp\/v2\/posts"}],"about":[{"href":"https:\/\/przedszkole18.edu.wroclaw.pl\/index.php\/wp-json\/wp\/v2\/types\/post"}],"author":[{"embeddable":true,"href":"https:\/\/przedszkole18.edu.wroclaw.pl\/index.php\/wp-json\/wp\/v2\/users\/115"}],"replies":[{"embeddable":true,"href":"https:\/\/przedszkole18.edu.wroclaw.pl\/index.php\/wp-json\/wp\/v2\/comments?post=4807"}],"version-history":[{"count":1,"href":"https:\/\/przedszkole18.edu.wroclaw.pl\/index.php\/wp-json\/wp\/v2\/posts\/4807\/revisions"}],"predecessor-version":[{"id":4808,"href":"https:\/\/przedszkole18.edu.wroclaw.pl\/index.php\/wp-json\/wp\/v2\/posts\/4807\/revisions\/4808"}],"wp:featuredmedia":[{"embeddable":true,"href":"https:\/\/przedszkole18.edu.wroclaw.pl\/index.php\/wp-json\/wp\/v2\/media\/839"}],"wp:attachment":[{"href":"https:\/\/przedszkole18.edu.wroclaw.pl\/index.php\/wp-json\/wp\/v2\/media?parent=4807"}],"wp:term":[{"taxonomy":"category","embeddable":true,"href":"https:\/\/przedszkole18.edu.wroclaw.pl\/index.php\/wp-json\/wp\/v2\/categories?post=4807"},{"taxonomy":"post_tag","embeddable":true,"href":"https:\/\/przedszkole18.edu.wroclaw.pl\/index.php\/wp-json\/wp\/v2\/tags?post=4807"}],"curies":[{"name":"wp","href":"https:\/\/api.w.org\/{rel}","templated":true}]}}