
{"id":4840,"date":"2021-10-03T14:56:32","date_gmt":"2021-10-03T12:56:32","guid":{"rendered":"https:\/\/przedszkole18.edu.wroclaw.pl\/?p=4840"},"modified":"2021-10-03T14:56:32","modified_gmt":"2021-10-03T12:56:32","slug":"wazne-12","status":"publish","type":"post","link":"https:\/\/przedszkole18.edu.wroclaw.pl\/index.php\/2021\/10\/03\/wazne-12\/","title":{"rendered":"Wa\u017cne!"},"content":{"rendered":"<p style=\"text-align: left\"><span style=\"font-size: 18pt;color: #ff0000\"><em><strong>Szanowni Pa\u0144stwo kilka wa\u017cnych spraw:<\/strong><\/em><\/span><\/p>\n<p style=\"text-align: left\"><span style=\"font-size: 14pt;color: #000080\"><em><strong><span style=\"color: #800080\">1. Prosz\u0119 pami\u0119ta\u0107,\u00a0 do plac\u00f3wki przyprowadzamy dzieci od godziny 6.30 do godziny 8.30 z uwagi na w\u0142a\u015bciw\u0105 organizacj\u0119 pracy<\/span><\/strong><\/em><\/span><\/p>\n<p style=\"text-align: left\"><span style=\"font-size: 14pt;color: #800080\"><em><strong>2. Przyprowadzamy dzieci zdrowe, bez katar\u00f3w, kaszlu, gor\u0105czki.<\/strong><\/em><\/span><\/p>\n<p style=\"text-align: left\"><span style=\"font-size: 14pt;color: #800080\"><em><strong>3. Telefon kontaktowy do rodzic\u00f3w,\u00a0 winien by\u0107 aktualny i odbierany przez Pa\u0144stwa!<\/strong><\/em><\/span><\/p>\n<p style=\"text-align: left\"><span style=\"font-size: 14pt;color: #000080\"><em><strong><span style=\"color: #993300\">4. Rodzice dzieci z grup I i III &#8211; przed\u0142u\u017cam Pa\u0144stwu czas wprowadzania dzieci do szatni o 2 tygodnie czyli do 15 pa\u017adziernika &#8211; prosz\u0119 ten czas wykorzysta\u0107 na przygotowanie dzieci do samodzielnego wchodzenia\u00a0 i w miar\u0119 mo\u017cliwo\u015bci indywidualnych do\u00a0 samoobs\u0142ugi.<\/span><\/strong><\/em><\/span><\/p>\n<p style=\"text-align: center\"><span style=\"font-size: 14pt;color: #ff0000\"><em><strong> Prosz\u0119 pami\u0119ta\u0107 w przedszkolu jest personel, kt\u00f3ry zawsze w sytuacjach trudnych s\u0142u\u017cy pomoc\u0105 i wsparciem WSZYSTKIM DZIECIOM.\u00a0 <\/strong><\/em><\/span><\/p>\n<p style=\"text-align: left\"><span style=\"font-size: 14pt;color: #000080\"><em><strong><span style=\"color: #800080\">5. Zgodnie z wcze\u015bniejszymi zapowiedziami grupa I\u00a0 i grupa\u00a0 II , prosz\u0119 przynie\u015b\u0107 do przedszkola, koc z poszw\u0105 i ma\u0142y jasiek wraz z pi\u017camka- zaczniemy sypia\u0107 jak prawdziwe przedszkolaki.<\/span><\/strong> <\/em><\/span><\/p>\n<p><span style=\"font-size: 14pt;color: #800080\"><em><strong>6. W dniach 4,5 pa\u017adziernika otrzymacie Pa\u0144stwo na podane e-maile,\u00a0 informacj\u0119 o odp\u0142atno\u015bci za miniony miesi\u0105c\/wrzesie\u0144\/ op\u0142ata winna by\u0107 na koncie przedszkola do 15 pa\u017adziernika.<\/strong><\/em><\/span><\/p>\n<p style=\"text-align: center\"><span style=\"font-size: 14pt;color: #ff0000\"><em><strong> Je\u017celi kto\u015b z Pa\u0144stwa nie otrzyma informacji prosz\u0119 o kontakt z plac\u00f3wk\u0105.<\/strong> <\/em><\/span><\/p>\n<p><strong><em><span style=\"color: #808080\">Pozdrawiam serdecznie i \u017cycz\u0119 zdrowia. Dyrektor plac\u00f3wki Lidia Walczak-I\u017cycka\u00a0<\/span> <\/em><\/strong><\/p>\n","protected":false},"excerpt":{"rendered":"<p>Szanowni Pa\u0144stwo kilka wa\u017cnych spraw: 1. Prosz\u0119 pami\u0119ta\u0107,\u00a0 do plac\u00f3wki przyprowadzamy dzieci od godziny 6.30 do godziny 8.30 z uwagi na w\u0142a\u015bciw\u0105 organizacj\u0119 pracy 2. Przyprowadzamy dzieci zdrowe, bez katar\u00f3w, [&hellip;]<\/p>\n","protected":false},"author":115,"featured_media":2461,"comment_status":"closed","ping_status":"closed","sticky":false,"template":"","format":"standard","meta":{"ngg_post_thumbnail":0,"footnotes":""},"categories":[3],"tags":[],"class_list":["post-4840","post","type-post","status-publish","format-standard","has-post-thumbnail","hentry","category-aktualnosci","clearfix"],"_links":{"self":[{"href":"https:\/\/przedszkole18.edu.wroclaw.pl\/index.php\/wp-json\/wp\/v2\/posts\/4840","targetHints":{"allow":["GET"]}}],"collection":[{"href":"https:\/\/przedszkole18.edu.wroclaw.pl\/index.php\/wp-json\/wp\/v2\/posts"}],"about":[{"href":"https:\/\/przedszkole18.edu.wroclaw.pl\/index.php\/wp-json\/wp\/v2\/types\/post"}],"author":[{"embeddable":true,"href":"https:\/\/przedszkole18.edu.wroclaw.pl\/index.php\/wp-json\/wp\/v2\/users\/115"}],"replies":[{"embeddable":true,"href":"https:\/\/przedszkole18.edu.wroclaw.pl\/index.php\/wp-json\/wp\/v2\/comments?post=4840"}],"version-history":[{"count":1,"href":"https:\/\/przedszkole18.edu.wroclaw.pl\/index.php\/wp-json\/wp\/v2\/posts\/4840\/revisions"}],"predecessor-version":[{"id":4841,"href":"https:\/\/przedszkole18.edu.wroclaw.pl\/index.php\/wp-json\/wp\/v2\/posts\/4840\/revisions\/4841"}],"wp:featuredmedia":[{"embeddable":true,"href":"https:\/\/przedszkole18.edu.wroclaw.pl\/index.php\/wp-json\/wp\/v2\/media\/2461"}],"wp:attachment":[{"href":"https:\/\/przedszkole18.edu.wroclaw.pl\/index.php\/wp-json\/wp\/v2\/media?parent=4840"}],"wp:term":[{"taxonomy":"category","embeddable":true,"href":"https:\/\/przedszkole18.edu.wroclaw.pl\/index.php\/wp-json\/wp\/v2\/categories?post=4840"},{"taxonomy":"post_tag","embeddable":true,"href":"https:\/\/przedszkole18.edu.wroclaw.pl\/index.php\/wp-json\/wp\/v2\/tags?post=4840"}],"curies":[{"name":"wp","href":"https:\/\/api.w.org\/{rel}","templated":true}]}}