
{"id":4868,"date":"2021-10-04T21:50:45","date_gmt":"2021-10-04T19:50:45","guid":{"rendered":"https:\/\/przedszkole18.edu.wroclaw.pl\/?p=4868"},"modified":"2021-10-04T21:50:45","modified_gmt":"2021-10-04T19:50:45","slug":"fotograf-w-przedszkolu","status":"publish","type":"post","link":"https:\/\/przedszkole18.edu.wroclaw.pl\/index.php\/2021\/10\/04\/fotograf-w-przedszkolu\/","title":{"rendered":"FOTOGRAF W PRZEDSZKOLU"},"content":{"rendered":"<p><span style=\"color: #0000ff\"><strong><span style=\"font-size: 18pt\">Szanowni Pa\u0144stwo<\/span><\/strong><\/span><\/p>\n<p><span style=\"color: #0000ff\"><strong><span style=\"font-size: 18pt\">Wzorem lat ubieg\u0142ych, istnieje mo\u017cliwo\u015b\u0107 zrobienia dzieciom kalendarza ze zdj\u0119ciem na rok 2022.<\/span><\/strong><\/span><\/p>\n<p><span style=\"color: #0000ff\"><strong><span style=\"font-size: 18pt\">Koszt kompletu (kalendarz +2 zdj\u0119cia portretowe): 35 z\u0142.<\/span><\/strong><\/span><\/p>\n<p><span style=\"color: #0000ff\"><strong><span style=\"font-size: 18pt\">Zainteresowanych rodzic\u00f3w prosimy o zg\u0142aszanie informacji do nauczycielek grup za po\u015brednictwem domofonu do 11 pa\u017adziernika.<\/span><\/strong><\/span><\/p>\n<p><span style=\"color: #ff0000\"><strong><span style=\"font-size: 18pt\">Planowany termin sesji fotograficznej &#8211; 12 pa\u017adziernika<\/span><\/strong><\/span><\/p>\n<p><a href=\"https:\/\/przedszkole18.edu.wroclaw.pl\/wp-content\/uploads\/sites\/36\/2021\/10\/IMG_20211004_140658-scaled.jpg\"><img loading=\"lazy\" decoding=\"async\" class=\"aligncenter wp-image-4867 \" src=\"https:\/\/przedszkole18.edu.wroclaw.pl\/wp-content\/uploads\/sites\/36\/2021\/10\/IMG_20211004_140658-768x1024.jpg\" alt=\"\" width=\"352\" height=\"469\" \/><\/a><\/p>\n<p>&nbsp;<\/p>\n","protected":false},"excerpt":{"rendered":"<p>Szanowni Pa\u0144stwo Wzorem lat ubieg\u0142ych, istnieje mo\u017cliwo\u015b\u0107 zrobienia dzieciom kalendarza ze zdj\u0119ciem na rok 2022. Koszt kompletu (kalendarz +2 zdj\u0119cia portretowe): 35 z\u0142. Zainteresowanych rodzic\u00f3w prosimy o zg\u0142aszanie informacji do [&hellip;]<\/p>\n","protected":false},"author":108,"featured_media":2565,"comment_status":"closed","ping_status":"closed","sticky":false,"template":"","format":"standard","meta":{"ngg_post_thumbnail":0,"footnotes":""},"categories":[3],"tags":[],"class_list":["post-4868","post","type-post","status-publish","format-standard","has-post-thumbnail","hentry","category-aktualnosci","clearfix"],"_links":{"self":[{"href":"https:\/\/przedszkole18.edu.wroclaw.pl\/index.php\/wp-json\/wp\/v2\/posts\/4868","targetHints":{"allow":["GET"]}}],"collection":[{"href":"https:\/\/przedszkole18.edu.wroclaw.pl\/index.php\/wp-json\/wp\/v2\/posts"}],"about":[{"href":"https:\/\/przedszkole18.edu.wroclaw.pl\/index.php\/wp-json\/wp\/v2\/types\/post"}],"author":[{"embeddable":true,"href":"https:\/\/przedszkole18.edu.wroclaw.pl\/index.php\/wp-json\/wp\/v2\/users\/108"}],"replies":[{"embeddable":true,"href":"https:\/\/przedszkole18.edu.wroclaw.pl\/index.php\/wp-json\/wp\/v2\/comments?post=4868"}],"version-history":[{"count":1,"href":"https:\/\/przedszkole18.edu.wroclaw.pl\/index.php\/wp-json\/wp\/v2\/posts\/4868\/revisions"}],"predecessor-version":[{"id":4871,"href":"https:\/\/przedszkole18.edu.wroclaw.pl\/index.php\/wp-json\/wp\/v2\/posts\/4868\/revisions\/4871"}],"wp:featuredmedia":[{"embeddable":true,"href":"https:\/\/przedszkole18.edu.wroclaw.pl\/index.php\/wp-json\/wp\/v2\/media\/2565"}],"wp:attachment":[{"href":"https:\/\/przedszkole18.edu.wroclaw.pl\/index.php\/wp-json\/wp\/v2\/media?parent=4868"}],"wp:term":[{"taxonomy":"category","embeddable":true,"href":"https:\/\/przedszkole18.edu.wroclaw.pl\/index.php\/wp-json\/wp\/v2\/categories?post=4868"},{"taxonomy":"post_tag","embeddable":true,"href":"https:\/\/przedszkole18.edu.wroclaw.pl\/index.php\/wp-json\/wp\/v2\/tags?post=4868"}],"curies":[{"name":"wp","href":"https:\/\/api.w.org\/{rel}","templated":true}]}}