
{"id":4900,"date":"2021-10-05T21:51:20","date_gmt":"2021-10-05T19:51:20","guid":{"rendered":"https:\/\/przedszkole18.edu.wroclaw.pl\/?p=4900"},"modified":"2021-10-06T22:04:58","modified_gmt":"2021-10-06T20:04:58","slug":"wiolinek-w-miedzynarodowym-projekcie","status":"publish","type":"post","link":"https:\/\/przedszkole18.edu.wroclaw.pl\/index.php\/2021\/10\/05\/wiolinek-w-miedzynarodowym-projekcie\/","title":{"rendered":"&#8222;Wiolinek&#8221; w mi\u0119dzynarodowym projekcie"},"content":{"rendered":"<p>Szanowni Pa\u0144stwo,<\/p>\n<p>w bie\u017c\u0105cym roku szkolnym nasze przedszkole bierze udzia\u0142 w mi\u0119dzynarodowym projekcie edukacyjnym <strong>&#8222;Pi\u0119kna Nasza Polska Ca\u0142a&#8221;<\/strong>. G\u0142\u00f3wnym celem projektu jest kszta\u0142towanie postaw patriotycznych u dzieci oraz uwra\u017cliwianie ich na pi\u0119kno, folklor i tradycje naszego kraju. W ramach tegorocznej edycji planujemy realizacj\u0119 wydarze\u0144, kt\u00f3re na sta\u0142e wpisa\u0142y si\u0119 ju\u017c w dzia\u0142ania przedszkola, takich jak obchody \u015awi\u0119ta Niepodleg\u0142o\u015bci, Dnia J\u0119zyka Ojczystego, czy udzia\u0142 w og\u00f3lnopolskiej akcji &#8222;Szko\u0142a do hymnu!&#8221;, a tak\u017ce nowych inicjatyw, zak\u0142adaj\u0105cych m.in.: projekcje starych polskich kresk\u00f3wek, konkursy plastyczne o tematyce regionalnej dla dzieci i rodzic\u00f3w, wystaw\u0119 po\u015bwi\u0119con\u0105 historii naszej plac\u00f3wki.<\/p>\n<p>Dzia\u0142ania w ramach projektu to nie tylko pojedyncze wydarzenia, ale tak\u017ce wzbogacanie codziennych zaj\u0119\u0107 przedszkolnych o tematyk\u0119 zwi\u0105zan\u0105 z histori\u0105, folklorem i tradycjami naszego regionu i kraju.<\/p>\n<p>Ju\u017c w najbli\u017cszym czasie, 8 pa\u017adziernika planujemy \u015bwi\u0119towanie Dnia Ta\u0144ca Ludowego, podczas kt\u00f3rego nasi wychowankowie zapoznaj\u0105 si\u0119 z charakterystycznymi ta\u0144cami regionalnymi oraz ludowymi zabawami muzycznymi.<\/p>\n<p>Relacje ze wszystkich wydarze\u0144 w ramach projektu &#8222;Pi\u0119kna Nasza Polska Ca\u0142a&#8221; b\u0119d\u0105 zamieszczane na stronie internetowej przedszkola.<\/p>\n<p><img loading=\"lazy\" decoding=\"async\" class=\"aligncenter size-large wp-image-4901\" src=\"https:\/\/przedszkole18.edu.wroclaw.pl\/wp-content\/uploads\/sites\/36\/2021\/10\/61030-2617\u00d73579-749x1024.jpg\" alt=\"\" width=\"625\" height=\"854\" srcset=\"https:\/\/przedszkole18.edu.wroclaw.pl\/wp-content\/uploads\/sites\/36\/2021\/10\/61030-2617\u00d73579-749x1024.jpg 749w, https:\/\/przedszkole18.edu.wroclaw.pl\/wp-content\/uploads\/sites\/36\/2021\/10\/61030-2617\u00d73579-219x300.jpg 219w, https:\/\/przedszkole18.edu.wroclaw.pl\/wp-content\/uploads\/sites\/36\/2021\/10\/61030-2617\u00d73579-768x1050.jpg 768w, https:\/\/przedszkole18.edu.wroclaw.pl\/wp-content\/uploads\/sites\/36\/2021\/10\/61030-2617\u00d73579-600x821.jpg 600w, https:\/\/przedszkole18.edu.wroclaw.pl\/wp-content\/uploads\/sites\/36\/2021\/10\/61030-2617\u00d73579-1123x1536.jpg 1123w, https:\/\/przedszkole18.edu.wroclaw.pl\/wp-content\/uploads\/sites\/36\/2021\/10\/61030-2617\u00d73579-1498x2048.jpg 1498w, https:\/\/przedszkole18.edu.wroclaw.pl\/wp-content\/uploads\/sites\/36\/2021\/10\/61030-2617\u00d73579-624x853.jpg 624w, https:\/\/przedszkole18.edu.wroclaw.pl\/wp-content\/uploads\/sites\/36\/2021\/10\/61030-2617\u00d73579-scaled.jpg 1872w\" sizes=\"auto, (max-width: 625px) 100vw, 625px\" \/><\/p>\n<p>&nbsp;<\/p>\n","protected":false},"excerpt":{"rendered":"<p>Szanowni Pa\u0144stwo, w bie\u017c\u0105cym roku szkolnym nasze przedszkole bierze udzia\u0142 w mi\u0119dzynarodowym projekcie edukacyjnym &#8222;Pi\u0119kna Nasza Polska Ca\u0142a&#8221;. G\u0142\u00f3wnym celem projektu jest kszta\u0142towanie postaw patriotycznych u dzieci oraz uwra\u017cliwianie ich [&hellip;]<\/p>\n","protected":false},"author":105,"featured_media":0,"comment_status":"closed","ping_status":"closed","sticky":false,"template":"","format":"standard","meta":{"ngg_post_thumbnail":0,"footnotes":""},"categories":[3],"tags":[],"class_list":["post-4900","post","type-post","status-publish","format-standard","hentry","category-aktualnosci","clearfix"],"_links":{"self":[{"href":"https:\/\/przedszkole18.edu.wroclaw.pl\/index.php\/wp-json\/wp\/v2\/posts\/4900","targetHints":{"allow":["GET"]}}],"collection":[{"href":"https:\/\/przedszkole18.edu.wroclaw.pl\/index.php\/wp-json\/wp\/v2\/posts"}],"about":[{"href":"https:\/\/przedszkole18.edu.wroclaw.pl\/index.php\/wp-json\/wp\/v2\/types\/post"}],"author":[{"embeddable":true,"href":"https:\/\/przedszkole18.edu.wroclaw.pl\/index.php\/wp-json\/wp\/v2\/users\/105"}],"replies":[{"embeddable":true,"href":"https:\/\/przedszkole18.edu.wroclaw.pl\/index.php\/wp-json\/wp\/v2\/comments?post=4900"}],"version-history":[{"count":2,"href":"https:\/\/przedszkole18.edu.wroclaw.pl\/index.php\/wp-json\/wp\/v2\/posts\/4900\/revisions"}],"predecessor-version":[{"id":4927,"href":"https:\/\/przedszkole18.edu.wroclaw.pl\/index.php\/wp-json\/wp\/v2\/posts\/4900\/revisions\/4927"}],"wp:attachment":[{"href":"https:\/\/przedszkole18.edu.wroclaw.pl\/index.php\/wp-json\/wp\/v2\/media?parent=4900"}],"wp:term":[{"taxonomy":"category","embeddable":true,"href":"https:\/\/przedszkole18.edu.wroclaw.pl\/index.php\/wp-json\/wp\/v2\/categories?post=4900"},{"taxonomy":"post_tag","embeddable":true,"href":"https:\/\/przedszkole18.edu.wroclaw.pl\/index.php\/wp-json\/wp\/v2\/tags?post=4900"}],"curies":[{"name":"wp","href":"https:\/\/api.w.org\/{rel}","templated":true}]}}