
{"id":4910,"date":"2021-10-06T17:11:52","date_gmt":"2021-10-06T15:11:52","guid":{"rendered":"https:\/\/przedszkole18.edu.wroclaw.pl\/?p=4910"},"modified":"2021-10-06T17:11:52","modified_gmt":"2021-10-06T15:11:52","slug":"wazne-13","status":"publish","type":"post","link":"https:\/\/przedszkole18.edu.wroclaw.pl\/index.php\/2021\/10\/06\/wazne-13\/","title":{"rendered":"Wa\u017cne!"},"content":{"rendered":"<p><span style=\"color: #800000;font-size: 18pt\"><em><strong><span style=\"color: #ff0000\">Szanowni Pa\u0144stwo.\u00a0<\/span> <\/strong><\/em><\/span><\/p>\n<p><span style=\"color: #800000\"><em><strong><span style=\"font-size: 14pt\"><span style=\"color: #800080\">Na stronie internetowej w zak\u0142adce dla rodzic\u00f3w &#8211; Rada Rodzic\u00f3w, znajdziecie Pa\u0144stwo wa\u017cne informacje, dotycz\u0105ce sk\u0142adki na Fundusz Rady Rodzic\u00f3w plac\u00f3wki na rok szkolny 2021\/2022\u00a0<\/span> <\/span><\/strong><\/em><\/span><\/p>\n<p><span style=\"color: #800000\"><em><strong><span style=\"font-size: 14pt\"><span style=\"color: #008080\">Prosz\u0119 zapozna\u0107 si\u0119 z tymi informacjami z uwagi ich wa\u017cno\u015b\u0107.\u00a0 W najbli\u017cszym czasie &#8211;\u00a0 15 pa\u017adziernika\u00a0 o godzinie 9.15\u00a0 go\u015bcimy w Przedszkolu Teatr Trakt z widowiskiem\u00a0 &#8222;Dzidzia&#8221; Spektakl zakupiony z funduszu Rady Rodzic\u00f3w. \u017byczymy dobrej zabawy naszym przedszkolakom .<\/span><br \/>\n<\/span><\/strong><\/em><\/span><\/p>\n<p><img loading=\"lazy\" decoding=\"async\" class=\"alignnone size-medium wp-image-4906\" src=\"https:\/\/przedszkole18.edu.wroclaw.pl\/wp-content\/uploads\/sites\/36\/2021\/10\/2-200x300.jpg\" alt=\"\" width=\"200\" height=\"300\" \/><img loading=\"lazy\" decoding=\"async\" class=\"alignnone size-medium wp-image-4904\" src=\"https:\/\/przedszkole18.edu.wroclaw.pl\/wp-content\/uploads\/sites\/36\/2021\/10\/1-1-300x200.jpg\" alt=\"\" width=\"300\" height=\"200\" \/><img loading=\"lazy\" decoding=\"async\" class=\"alignnone size-medium wp-image-4907\" src=\"https:\/\/przedszkole18.edu.wroclaw.pl\/wp-content\/uploads\/sites\/36\/2021\/10\/3-300x200.jpg\" alt=\"\" width=\"300\" height=\"200\" \/><img loading=\"lazy\" decoding=\"async\" class=\"alignnone size-medium wp-image-4905\" src=\"https:\/\/przedszkole18.edu.wroclaw.pl\/wp-content\/uploads\/sites\/36\/2021\/10\/1-300x150.jpg\" alt=\"\" width=\"300\" height=\"150\" \/><\/p>\n<p>&nbsp;<\/p>\n<p><span style=\"color: #800000\"><em><strong><span style=\"font-size: 14pt\"> Pozdrawiam i \u017cycz\u0119 zdrowia Dyrektor plac\u00f3wki. Lidia Walczak-I\u017cycka\u00a0<\/span> <\/strong><\/em><\/span><\/p>\n","protected":false},"excerpt":{"rendered":"<p>Szanowni Pa\u0144stwo.\u00a0 Na stronie internetowej w zak\u0142adce dla rodzic\u00f3w &#8211; Rada Rodzic\u00f3w, znajdziecie Pa\u0144stwo wa\u017cne informacje, dotycz\u0105ce sk\u0142adki na Fundusz Rady Rodzic\u00f3w plac\u00f3wki na rok szkolny 2021\/2022\u00a0 Prosz\u0119 zapozna\u0107 si\u0119 [&hellip;]<\/p>\n","protected":false},"author":115,"featured_media":0,"comment_status":"closed","ping_status":"closed","sticky":false,"template":"","format":"standard","meta":{"ngg_post_thumbnail":0,"footnotes":""},"categories":[3],"tags":[],"class_list":["post-4910","post","type-post","status-publish","format-standard","hentry","category-aktualnosci","clearfix"],"_links":{"self":[{"href":"https:\/\/przedszkole18.edu.wroclaw.pl\/index.php\/wp-json\/wp\/v2\/posts\/4910","targetHints":{"allow":["GET"]}}],"collection":[{"href":"https:\/\/przedszkole18.edu.wroclaw.pl\/index.php\/wp-json\/wp\/v2\/posts"}],"about":[{"href":"https:\/\/przedszkole18.edu.wroclaw.pl\/index.php\/wp-json\/wp\/v2\/types\/post"}],"author":[{"embeddable":true,"href":"https:\/\/przedszkole18.edu.wroclaw.pl\/index.php\/wp-json\/wp\/v2\/users\/115"}],"replies":[{"embeddable":true,"href":"https:\/\/przedszkole18.edu.wroclaw.pl\/index.php\/wp-json\/wp\/v2\/comments?post=4910"}],"version-history":[{"count":1,"href":"https:\/\/przedszkole18.edu.wroclaw.pl\/index.php\/wp-json\/wp\/v2\/posts\/4910\/revisions"}],"predecessor-version":[{"id":4911,"href":"https:\/\/przedszkole18.edu.wroclaw.pl\/index.php\/wp-json\/wp\/v2\/posts\/4910\/revisions\/4911"}],"wp:attachment":[{"href":"https:\/\/przedszkole18.edu.wroclaw.pl\/index.php\/wp-json\/wp\/v2\/media?parent=4910"}],"wp:term":[{"taxonomy":"category","embeddable":true,"href":"https:\/\/przedszkole18.edu.wroclaw.pl\/index.php\/wp-json\/wp\/v2\/categories?post=4910"},{"taxonomy":"post_tag","embeddable":true,"href":"https:\/\/przedszkole18.edu.wroclaw.pl\/index.php\/wp-json\/wp\/v2\/tags?post=4910"}],"curies":[{"name":"wp","href":"https:\/\/api.w.org\/{rel}","templated":true}]}}