
{"id":495,"date":"2018-10-30T10:51:05","date_gmt":"2018-10-30T09:51:05","guid":{"rendered":"https:\/\/przedszkole18.edu.wroclaw.pl\/?p=495"},"modified":"2018-11-27T09:28:39","modified_gmt":"2018-11-27T08:28:39","slug":"indywidualne-zajecia-logopedyczne","status":"publish","type":"post","link":"https:\/\/przedszkole18.edu.wroclaw.pl\/index.php\/2018\/10\/30\/indywidualne-zajecia-logopedyczne\/","title":{"rendered":"INDYWIDUALNE ZAJ\u0118CIA LOGOPEDYCZNE"},"content":{"rendered":"<p>Szanowni Rodzice<br \/>\nUprzejmie informujemy, \u017ce od listopada, rozpoczn\u0105 si\u0119 indywidualne zaj\u0119cia logopedyczne. <!--more-->W zaj\u0119ciach b\u0119d\u0105 uczestniczy\u0142y dzieci, zakwalifikowane przez logoped\u0119 z naszej plac\u00f3wki. Zaj\u0119cia te b\u0119d\u0105 odbywa\u0107 si\u0119 zgodnie z harmonogramem: wtorki- grupy II i IIIA, \u015brody &#8211; grupy III i IV. Ka\u017cde z dzieci ucz\u0119szczaj\u0105cych na zaj\u0119cia zobowi\u0105zane jest posiada\u0107 zeszyt do zaj\u0119\u0107 logopedycznych i odrabia\u0107 w nim zadane przez logoped\u0119 \u0107wiczenia.<br \/>\nKonsultacje z logoped\u0105, odbywa\u0107 si\u0119 b\u0119d\u0105 dla rodzic\u00f3w dzieci, ze wszystkich grup, w czwartki od godziny 15 do 17.<br \/>\nSerdecznie zapraszam<br \/>\nMa\u0142gorzata Michalska &#8211; Idaszek logopeda<\/p>\n","protected":false},"excerpt":{"rendered":"<p>Szanowni Rodzice Uprzejmie informujemy, \u017ce od listopada, rozpoczn\u0105 si\u0119 indywidualne zaj\u0119cia logopedyczne.<\/p>\n","protected":false},"author":90,"featured_media":629,"comment_status":"closed","ping_status":"closed","sticky":false,"template":"","format":"standard","meta":{"ngg_post_thumbnail":0,"footnotes":""},"categories":[3],"tags":[],"class_list":["post-495","post","type-post","status-publish","format-standard","has-post-thumbnail","hentry","category-aktualnosci","clearfix"],"_links":{"self":[{"href":"https:\/\/przedszkole18.edu.wroclaw.pl\/index.php\/wp-json\/wp\/v2\/posts\/495","targetHints":{"allow":["GET"]}}],"collection":[{"href":"https:\/\/przedszkole18.edu.wroclaw.pl\/index.php\/wp-json\/wp\/v2\/posts"}],"about":[{"href":"https:\/\/przedszkole18.edu.wroclaw.pl\/index.php\/wp-json\/wp\/v2\/types\/post"}],"author":[{"embeddable":true,"href":"https:\/\/przedszkole18.edu.wroclaw.pl\/index.php\/wp-json\/wp\/v2\/users\/90"}],"replies":[{"embeddable":true,"href":"https:\/\/przedszkole18.edu.wroclaw.pl\/index.php\/wp-json\/wp\/v2\/comments?post=495"}],"version-history":[{"count":2,"href":"https:\/\/przedszkole18.edu.wroclaw.pl\/index.php\/wp-json\/wp\/v2\/posts\/495\/revisions"}],"predecessor-version":[{"id":606,"href":"https:\/\/przedszkole18.edu.wroclaw.pl\/index.php\/wp-json\/wp\/v2\/posts\/495\/revisions\/606"}],"wp:featuredmedia":[{"embeddable":true,"href":"https:\/\/przedszkole18.edu.wroclaw.pl\/index.php\/wp-json\/wp\/v2\/media\/629"}],"wp:attachment":[{"href":"https:\/\/przedszkole18.edu.wroclaw.pl\/index.php\/wp-json\/wp\/v2\/media?parent=495"}],"wp:term":[{"taxonomy":"category","embeddable":true,"href":"https:\/\/przedszkole18.edu.wroclaw.pl\/index.php\/wp-json\/wp\/v2\/categories?post=495"},{"taxonomy":"post_tag","embeddable":true,"href":"https:\/\/przedszkole18.edu.wroclaw.pl\/index.php\/wp-json\/wp\/v2\/tags?post=495"}],"curies":[{"name":"wp","href":"https:\/\/api.w.org\/{rel}","templated":true}]}}