
{"id":4967,"date":"2021-10-13T17:16:11","date_gmt":"2021-10-13T15:16:11","guid":{"rendered":"https:\/\/przedszkole18.edu.wroclaw.pl\/?p=4967"},"modified":"2021-10-13T17:17:43","modified_gmt":"2021-10-13T15:17:43","slug":"akcja-kasztanobranie","status":"publish","type":"post","link":"https:\/\/przedszkole18.edu.wroclaw.pl\/index.php\/2021\/10\/13\/akcja-kasztanobranie\/","title":{"rendered":"AKCJA KASZTANOBRANIE"},"content":{"rendered":"<p>AKCJA KASZTANOBRANIE<\/p>\n<p>W tym roku nasze przedszkole bierze udzia\u0142 w akcji zbierania kasztan\u00f3w. Zach\u0119camy wszystkie dzieci do przynoszenia obranych kasztan\u00f3w do przedszkola. Akcja trwa do 28 pa\u017adziernika.<\/p>\n","protected":false},"excerpt":{"rendered":"<p>AKCJA KASZTANOBRANIE W tym roku nasze przedszkole bierze udzia\u0142 w akcji zbierania kasztan\u00f3w. Zach\u0119camy wszystkie dzieci do przynoszenia obranych kasztan\u00f3w do przedszkola. Akcja trwa do 28 pa\u017adziernika.<\/p>\n","protected":false},"author":145,"featured_media":0,"comment_status":"closed","ping_status":"closed","sticky":false,"template":"","format":"standard","meta":{"ngg_post_thumbnail":0,"footnotes":""},"categories":[3],"tags":[],"class_list":["post-4967","post","type-post","status-publish","format-standard","hentry","category-aktualnosci","clearfix"],"_links":{"self":[{"href":"https:\/\/przedszkole18.edu.wroclaw.pl\/index.php\/wp-json\/wp\/v2\/posts\/4967","targetHints":{"allow":["GET"]}}],"collection":[{"href":"https:\/\/przedszkole18.edu.wroclaw.pl\/index.php\/wp-json\/wp\/v2\/posts"}],"about":[{"href":"https:\/\/przedszkole18.edu.wroclaw.pl\/index.php\/wp-json\/wp\/v2\/types\/post"}],"author":[{"embeddable":true,"href":"https:\/\/przedszkole18.edu.wroclaw.pl\/index.php\/wp-json\/wp\/v2\/users\/145"}],"replies":[{"embeddable":true,"href":"https:\/\/przedszkole18.edu.wroclaw.pl\/index.php\/wp-json\/wp\/v2\/comments?post=4967"}],"version-history":[{"count":3,"href":"https:\/\/przedszkole18.edu.wroclaw.pl\/index.php\/wp-json\/wp\/v2\/posts\/4967\/revisions"}],"predecessor-version":[{"id":4971,"href":"https:\/\/przedszkole18.edu.wroclaw.pl\/index.php\/wp-json\/wp\/v2\/posts\/4967\/revisions\/4971"}],"wp:attachment":[{"href":"https:\/\/przedszkole18.edu.wroclaw.pl\/index.php\/wp-json\/wp\/v2\/media?parent=4967"}],"wp:term":[{"taxonomy":"category","embeddable":true,"href":"https:\/\/przedszkole18.edu.wroclaw.pl\/index.php\/wp-json\/wp\/v2\/categories?post=4967"},{"taxonomy":"post_tag","embeddable":true,"href":"https:\/\/przedszkole18.edu.wroclaw.pl\/index.php\/wp-json\/wp\/v2\/tags?post=4967"}],"curies":[{"name":"wp","href":"https:\/\/api.w.org\/{rel}","templated":true}]}}