
{"id":497,"date":"2018-10-25T10:56:45","date_gmt":"2018-10-25T08:56:45","guid":{"rendered":"https:\/\/przedszkole18.edu.wroclaw.pl\/?p=497"},"modified":"2018-11-23T13:35:41","modified_gmt":"2018-11-23T12:35:41","slug":"kiermasz-jesienny","status":"publish","type":"post","link":"https:\/\/przedszkole18.edu.wroclaw.pl\/index.php\/2018\/10\/25\/kiermasz-jesienny\/","title":{"rendered":"KIERMASZ JESIENNY"},"content":{"rendered":"<p>Dnia 24 Pa\u017adziernika w Naszym Przedszkolu odby\u0142 si\u0119 Jesienny kiermasz.<!--more--><\/p>\n<p>Serdecznie dzi\u0119kujemy rodzicom za przyniesione smako\u0142yki oraz za udzia\u0142 w kiermaszu.<\/p>\n<p>Zapraszamy na kr\u00f3tk\u0105 fotorelacj\u0119 z tego s\u0142odkiego dnia \ud83d\ude42<\/p>\nngg_shortcode_0_placeholder\n","protected":false},"excerpt":{"rendered":"<p>Dnia 24 Pa\u017adziernika w Naszym Przedszkolu odby\u0142 si\u0119 Jesienny kiermasz.<\/p>\n","protected":false},"author":90,"featured_media":0,"comment_status":"closed","ping_status":"closed","sticky":false,"template":"","format":"standard","meta":{"ngg_post_thumbnail":0,"footnotes":""},"categories":[3],"tags":[],"class_list":["post-497","post","type-post","status-publish","format-standard","hentry","category-aktualnosci","clearfix"],"_links":{"self":[{"href":"https:\/\/przedszkole18.edu.wroclaw.pl\/index.php\/wp-json\/wp\/v2\/posts\/497","targetHints":{"allow":["GET"]}}],"collection":[{"href":"https:\/\/przedszkole18.edu.wroclaw.pl\/index.php\/wp-json\/wp\/v2\/posts"}],"about":[{"href":"https:\/\/przedszkole18.edu.wroclaw.pl\/index.php\/wp-json\/wp\/v2\/types\/post"}],"author":[{"embeddable":true,"href":"https:\/\/przedszkole18.edu.wroclaw.pl\/index.php\/wp-json\/wp\/v2\/users\/90"}],"replies":[{"embeddable":true,"href":"https:\/\/przedszkole18.edu.wroclaw.pl\/index.php\/wp-json\/wp\/v2\/comments?post=497"}],"version-history":[{"count":16,"href":"https:\/\/przedszkole18.edu.wroclaw.pl\/index.php\/wp-json\/wp\/v2\/posts\/497\/revisions"}],"predecessor-version":[{"id":604,"href":"https:\/\/przedszkole18.edu.wroclaw.pl\/index.php\/wp-json\/wp\/v2\/posts\/497\/revisions\/604"}],"wp:attachment":[{"href":"https:\/\/przedszkole18.edu.wroclaw.pl\/index.php\/wp-json\/wp\/v2\/media?parent=497"}],"wp:term":[{"taxonomy":"category","embeddable":true,"href":"https:\/\/przedszkole18.edu.wroclaw.pl\/index.php\/wp-json\/wp\/v2\/categories?post=497"},{"taxonomy":"post_tag","embeddable":true,"href":"https:\/\/przedszkole18.edu.wroclaw.pl\/index.php\/wp-json\/wp\/v2\/tags?post=497"}],"curies":[{"name":"wp","href":"https:\/\/api.w.org\/{rel}","templated":true}]}}