
{"id":5076,"date":"2021-10-21T14:22:15","date_gmt":"2021-10-21T12:22:15","guid":{"rendered":"https:\/\/przedszkole18.edu.wroclaw.pl\/?p=5076"},"modified":"2021-10-21T14:22:15","modified_gmt":"2021-10-21T12:22:15","slug":"drodzy-rodzice-5","status":"publish","type":"post","link":"https:\/\/przedszkole18.edu.wroclaw.pl\/index.php\/2021\/10\/21\/drodzy-rodzice-5\/","title":{"rendered":"Drodzy Rodzice!"},"content":{"rendered":"<p><span style=\"color: #339966\"><em><strong><span style=\"font-size: 18pt\">Kochani !<\/span> <\/strong><\/em><\/span><\/p>\n<p><span style=\"font-size: 14pt;color: #808000\"><strong><em>Docieraj\u0105 do mnie informacje z innych plac\u00f3wek o\u015bwiatowych o ci\u0105gle rosn\u0105cej liczbie zachorowa\u0144 w\u015br\u00f3d dzieci, kt\u00f3re maj\u0105 r\u00f3\u017cne objawy,\u00a0 typowe dla przezi\u0119bienia np. katar, kaszel, b\u00f3le g\u0142owy, wymioty, gor\u0105czka. Nasze przedszkole funkcjonuje\u00a0 przy\u00a0 70% stanie wychowank\u00f3w, co niew\u0105tpliwie \u015bwiadczy o tym, \u017ce\u00a0 te\u017c borykamy si\u0119 z tym problemem,\u00a0 co wynika tak\u017ce\u00a0 z przekazywanych nam informacji .<\/em> <\/strong><\/span><\/p>\n<p><em><strong><span style=\"font-size: 14pt;color: #008080\"><span style=\"font-size: 18pt\">Chc\u0105c pracowa\u0107 w trybie stacjonarnym z pe\u0142n\u0105 obsad\u0105 pracownik\u00f3w,<\/span>\u00a0 <span style=\"color: #ff0000;font-size: 18pt\">przypominam i bardzo prosz\u0119, do przedszkola przyprowadzamy tylko zdrowe dzieci.\u00a0 Ka\u017cdy niepokoj\u0105cy nas\u00a0 objaw chorobowy,\u00a0 zaobserwowany u dzieci,\u00a0 b\u0119dzie skutkowa\u0142 telefonem do Pa\u0144stwa o pilne odebranie dziecka z plac\u00f3wki.\u00a0 Cz\u0119\u015bci wsp\u00f3lne w plac\u00f3wce to weranda- prosz\u0119 pami\u0119ta\u0107 o maskach i dezynfekcji r\u0105k<\/span><\/span><\/strong><\/em><\/p>\n<p><em><strong><span style=\"font-size: 14pt;color: #008080\"><span style=\"color: #808000\"><span style=\"font-size: 18pt\">Jeszcze raz !<\/span> Chcemy pracowa\u0107, s\u0142u\u017cy\u0107 pomoc\u0105,\u00a0 wsparciem i codziennie si\u0119 z Wami widywa\u0107. Dla dzieci najwi\u0119ksz\u0105 rado\u015bci\u0105\u00a0 jest\u00a0 kontaktu\u00a0 z r\u00f3wie\u015bnikami, to te\u017c najlepszy spos\u00f3b na rozw\u00f3j i nauk\u0119.\u00a0<\/span> <\/span><\/strong><\/em><\/p>\n<p><span style=\"color: #339966\"><em><strong><span style=\"font-size: 14pt\"><span style=\"color: #008080\">Szanujmy zatem zdrowie wszystkich, tylko tak mo\u017cemy to przetrwa\u0107. Pozdrawiam serdecznie i \u017cycz\u0119 zdrowia. <span style=\"font-size: 12pt\">Dyrektor plac\u00f3wki\u00a0 Lidia Walczak-I\u017cycka<\/span><\/span> <\/span><\/strong><\/em><\/span><\/p>\n","protected":false},"excerpt":{"rendered":"<p>Kochani ! Docieraj\u0105 do mnie informacje z innych plac\u00f3wek o\u015bwiatowych o ci\u0105gle rosn\u0105cej liczbie zachorowa\u0144 w\u015br\u00f3d dzieci, kt\u00f3re maj\u0105 r\u00f3\u017cne objawy,\u00a0 typowe dla przezi\u0119bienia np. katar, kaszel, b\u00f3le g\u0142owy, wymioty, [&hellip;]<\/p>\n","protected":false},"author":115,"featured_media":2461,"comment_status":"closed","ping_status":"closed","sticky":false,"template":"","format":"standard","meta":{"ngg_post_thumbnail":0,"footnotes":""},"categories":[3],"tags":[],"class_list":["post-5076","post","type-post","status-publish","format-standard","has-post-thumbnail","hentry","category-aktualnosci","clearfix"],"_links":{"self":[{"href":"https:\/\/przedszkole18.edu.wroclaw.pl\/index.php\/wp-json\/wp\/v2\/posts\/5076","targetHints":{"allow":["GET"]}}],"collection":[{"href":"https:\/\/przedszkole18.edu.wroclaw.pl\/index.php\/wp-json\/wp\/v2\/posts"}],"about":[{"href":"https:\/\/przedszkole18.edu.wroclaw.pl\/index.php\/wp-json\/wp\/v2\/types\/post"}],"author":[{"embeddable":true,"href":"https:\/\/przedszkole18.edu.wroclaw.pl\/index.php\/wp-json\/wp\/v2\/users\/115"}],"replies":[{"embeddable":true,"href":"https:\/\/przedszkole18.edu.wroclaw.pl\/index.php\/wp-json\/wp\/v2\/comments?post=5076"}],"version-history":[{"count":1,"href":"https:\/\/przedszkole18.edu.wroclaw.pl\/index.php\/wp-json\/wp\/v2\/posts\/5076\/revisions"}],"predecessor-version":[{"id":5077,"href":"https:\/\/przedszkole18.edu.wroclaw.pl\/index.php\/wp-json\/wp\/v2\/posts\/5076\/revisions\/5077"}],"wp:featuredmedia":[{"embeddable":true,"href":"https:\/\/przedszkole18.edu.wroclaw.pl\/index.php\/wp-json\/wp\/v2\/media\/2461"}],"wp:attachment":[{"href":"https:\/\/przedszkole18.edu.wroclaw.pl\/index.php\/wp-json\/wp\/v2\/media?parent=5076"}],"wp:term":[{"taxonomy":"category","embeddable":true,"href":"https:\/\/przedszkole18.edu.wroclaw.pl\/index.php\/wp-json\/wp\/v2\/categories?post=5076"},{"taxonomy":"post_tag","embeddable":true,"href":"https:\/\/przedszkole18.edu.wroclaw.pl\/index.php\/wp-json\/wp\/v2\/tags?post=5076"}],"curies":[{"name":"wp","href":"https:\/\/api.w.org\/{rel}","templated":true}]}}