
{"id":5205,"date":"2021-11-04T15:13:31","date_gmt":"2021-11-04T14:13:31","guid":{"rendered":"https:\/\/przedszkole18.edu.wroclaw.pl\/?p=5205"},"modified":"2021-11-04T15:13:31","modified_gmt":"2021-11-04T14:13:31","slug":"oplata-za-przedszkole","status":"publish","type":"post","link":"https:\/\/przedszkole18.edu.wroclaw.pl\/index.php\/2021\/11\/04\/oplata-za-przedszkole\/","title":{"rendered":"Op\u0142ata za przedszkole!"},"content":{"rendered":"<p><span style=\"font-size: 18pt;color: #008000\"><em><strong><span style=\"color: #ff6600\">Szanowni rodzice!<\/span> <\/strong><\/em><\/span><\/p>\n<p><span style=\"font-size: 18pt;color: #008000\"><em><strong><span style=\"color: #008080\">W\u00a0 dniu dzisiejszym \/ 4 listopada\/ zosta\u0142y przes\u0142ane wiadomo\u015bci e-mail o wysoko\u015bci op\u0142aty\u00a0 za miesi\u0105c pa\u017adziernik. <\/span><\/strong><\/em><\/span><span style=\"font-size: 18pt;color: #008080\"><em><strong>Prosz\u0119 o terminowe op\u0142acenie wskazanych kwot do 15 listopada. Je\u017celi, kto\u015b z Pa\u0144stwa nie otrzyma\u0142 informacji prosz\u0119 o kontakt z\u00a0 plac\u00f3wka.<\/strong><\/em><\/span><\/p>\n<p><span style=\"font-size: 12pt;color: #008000\"><em><strong> Pozdrawiam i \u017cycz\u0119 zdrowia . Lidia Walczak-I\u017cycka \u00a0 \u00a0<\/strong> <\/em><\/span><\/p>\n","protected":false},"excerpt":{"rendered":"<p>Szanowni rodzice! W\u00a0 dniu dzisiejszym \/ 4 listopada\/ zosta\u0142y przes\u0142ane wiadomo\u015bci e-mail o wysoko\u015bci op\u0142aty\u00a0 za miesi\u0105c pa\u017adziernik. Prosz\u0119 o terminowe op\u0142acenie wskazanych kwot do 15 listopada. Je\u017celi, kto\u015b z [&hellip;]<\/p>\n","protected":false},"author":115,"featured_media":1727,"comment_status":"closed","ping_status":"closed","sticky":false,"template":"","format":"standard","meta":{"ngg_post_thumbnail":0,"footnotes":""},"categories":[3],"tags":[],"class_list":["post-5205","post","type-post","status-publish","format-standard","has-post-thumbnail","hentry","category-aktualnosci","clearfix"],"_links":{"self":[{"href":"https:\/\/przedszkole18.edu.wroclaw.pl\/index.php\/wp-json\/wp\/v2\/posts\/5205","targetHints":{"allow":["GET"]}}],"collection":[{"href":"https:\/\/przedszkole18.edu.wroclaw.pl\/index.php\/wp-json\/wp\/v2\/posts"}],"about":[{"href":"https:\/\/przedszkole18.edu.wroclaw.pl\/index.php\/wp-json\/wp\/v2\/types\/post"}],"author":[{"embeddable":true,"href":"https:\/\/przedszkole18.edu.wroclaw.pl\/index.php\/wp-json\/wp\/v2\/users\/115"}],"replies":[{"embeddable":true,"href":"https:\/\/przedszkole18.edu.wroclaw.pl\/index.php\/wp-json\/wp\/v2\/comments?post=5205"}],"version-history":[{"count":1,"href":"https:\/\/przedszkole18.edu.wroclaw.pl\/index.php\/wp-json\/wp\/v2\/posts\/5205\/revisions"}],"predecessor-version":[{"id":5206,"href":"https:\/\/przedszkole18.edu.wroclaw.pl\/index.php\/wp-json\/wp\/v2\/posts\/5205\/revisions\/5206"}],"wp:featuredmedia":[{"embeddable":true,"href":"https:\/\/przedszkole18.edu.wroclaw.pl\/index.php\/wp-json\/wp\/v2\/media\/1727"}],"wp:attachment":[{"href":"https:\/\/przedszkole18.edu.wroclaw.pl\/index.php\/wp-json\/wp\/v2\/media?parent=5205"}],"wp:term":[{"taxonomy":"category","embeddable":true,"href":"https:\/\/przedszkole18.edu.wroclaw.pl\/index.php\/wp-json\/wp\/v2\/categories?post=5205"},{"taxonomy":"post_tag","embeddable":true,"href":"https:\/\/przedszkole18.edu.wroclaw.pl\/index.php\/wp-json\/wp\/v2\/tags?post=5205"}],"curies":[{"name":"wp","href":"https:\/\/api.w.org\/{rel}","templated":true}]}}