
{"id":5247,"date":"2021-11-08T13:00:12","date_gmt":"2021-11-08T12:00:12","guid":{"rendered":"https:\/\/przedszkole18.edu.wroclaw.pl\/?p=5247"},"modified":"2021-11-08T13:00:12","modified_gmt":"2021-11-08T12:00:12","slug":"zdjecia-dzieci","status":"publish","type":"post","link":"https:\/\/przedszkole18.edu.wroclaw.pl\/index.php\/2021\/11\/08\/zdjecia-dzieci\/","title":{"rendered":"Zdj\u0119cia dzieci!"},"content":{"rendered":"<p><span style=\"color: #800080\"><em><strong><span style=\"font-size: 18pt\">Witam,\u00a0 w dniu dzisiejszym otrzyma\u0142am, zam\u00f3wione przez rodzic\u00f3w kalendarze ze zdj\u0119ciami dzieci. Zapraszam po odbi\u00f3r w godzinach popo\u0142udniowych 14.30-16.30\u00a0 Prosz\u0119 o wyliczon\u0105 got\u00f3wk\u0119. Koszt kalendarza zgodnie z wcze\u015bniejszymi informacjami to\u00a0 35 z\u0142otych. \u00a0 <span style=\"font-size: 12pt;color: #666699\">Pozdrawiam i zapraszam. Dyrektor plac\u00f3wki. \u00a0<\/span><\/span> <\/strong><\/em><\/span><\/p>\n","protected":false},"excerpt":{"rendered":"<p>Witam,\u00a0 w dniu dzisiejszym otrzyma\u0142am, zam\u00f3wione przez rodzic\u00f3w kalendarze ze zdj\u0119ciami dzieci. Zapraszam po odbi\u00f3r w godzinach popo\u0142udniowych 14.30-16.30\u00a0 Prosz\u0119 o wyliczon\u0105 got\u00f3wk\u0119. Koszt kalendarza zgodnie z wcze\u015bniejszymi informacjami to\u00a0 [&hellip;]<\/p>\n","protected":false},"author":115,"featured_media":0,"comment_status":"closed","ping_status":"closed","sticky":false,"template":"","format":"standard","meta":{"ngg_post_thumbnail":0,"footnotes":""},"categories":[3],"tags":[],"class_list":["post-5247","post","type-post","status-publish","format-standard","hentry","category-aktualnosci","clearfix"],"_links":{"self":[{"href":"https:\/\/przedszkole18.edu.wroclaw.pl\/index.php\/wp-json\/wp\/v2\/posts\/5247","targetHints":{"allow":["GET"]}}],"collection":[{"href":"https:\/\/przedszkole18.edu.wroclaw.pl\/index.php\/wp-json\/wp\/v2\/posts"}],"about":[{"href":"https:\/\/przedszkole18.edu.wroclaw.pl\/index.php\/wp-json\/wp\/v2\/types\/post"}],"author":[{"embeddable":true,"href":"https:\/\/przedszkole18.edu.wroclaw.pl\/index.php\/wp-json\/wp\/v2\/users\/115"}],"replies":[{"embeddable":true,"href":"https:\/\/przedszkole18.edu.wroclaw.pl\/index.php\/wp-json\/wp\/v2\/comments?post=5247"}],"version-history":[{"count":1,"href":"https:\/\/przedszkole18.edu.wroclaw.pl\/index.php\/wp-json\/wp\/v2\/posts\/5247\/revisions"}],"predecessor-version":[{"id":5248,"href":"https:\/\/przedszkole18.edu.wroclaw.pl\/index.php\/wp-json\/wp\/v2\/posts\/5247\/revisions\/5248"}],"wp:attachment":[{"href":"https:\/\/przedszkole18.edu.wroclaw.pl\/index.php\/wp-json\/wp\/v2\/media?parent=5247"}],"wp:term":[{"taxonomy":"category","embeddable":true,"href":"https:\/\/przedszkole18.edu.wroclaw.pl\/index.php\/wp-json\/wp\/v2\/categories?post=5247"},{"taxonomy":"post_tag","embeddable":true,"href":"https:\/\/przedszkole18.edu.wroclaw.pl\/index.php\/wp-json\/wp\/v2\/tags?post=5247"}],"curies":[{"name":"wp","href":"https:\/\/api.w.org\/{rel}","templated":true}]}}