
{"id":5251,"date":"2021-11-10T15:40:56","date_gmt":"2021-11-10T14:40:56","guid":{"rendered":"https:\/\/przedszkole18.edu.wroclaw.pl\/?p=5251"},"modified":"2022-02-03T16:19:26","modified_gmt":"2022-02-03T15:19:26","slug":"5251","status":"publish","type":"post","link":"https:\/\/przedszkole18.edu.wroclaw.pl\/index.php\/2021\/11\/10\/5251\/","title":{"rendered":""},"content":{"rendered":"<p><em><span style=\"font-size: 14pt;color: #008000\"><strong>Drodzy Rodzice.<\/strong><\/span><\/em><\/p>\n<p><span style=\"color: #800080\"><em><span style=\"font-size: 14pt\">Z przyjemno\u015bci\u0105 informuj\u0119, \u017ce\u00a0\u00a0 Przedszkole 18 &#8222;Wiolinek&#8221;,\u00a0 zosta\u0142o beneficjentem \u015brodk\u00f3w\u00a0 \u00a0finansowych w ramach rz\u0105dowego programu \u201e Narodowy Program Rozwoju Czytelnictwa 2.0 na lata 2021 -2025\u201d<\/span><\/em><\/span><\/p>\n<p><em><span style=\"color: #808000;font-size: 14pt\">Ca\u0142kowity koszt realizacji zadania w 2021 roku wynosi 3750 z\u0142otych. Kwota 3000 z\u0142 pochodzi ze \u015brodk\u00f3w bud\u017cetu pa\u0144stwa, a kwota 750 z\u0142otych jest wk\u0142adem w\u0142asnych Gminy Wroc\u0142aw.<\/span><\/em><\/p>\n<p><em><span style=\"font-size: 14pt;color: #808000\">Przedszkole, przy realizacji\u00a0 Programu\u00a0 NPRC 2.0 zobowi\u0105zane jest post\u0119powa\u0107 zgodnie \u00a0\u00a0z \u00a0\u00a0Uchwa\u0142\u0105 nr 69\/2021 Rady Ministr\u00f3w \u00a0z dnia 21 maja 2021 w sprawie ustanowienia programu wieloletniego \u201e Narodowego Programu Rozwoju Czytelnictwa 2.0 na lata 2021 -2025\u201d oraz\u00a0 zgodnie\u00a0 \u00a0\u00a0\u00a0z Rozporz\u0105dzeniem \u00a0Rady Ministr\u00f3w z dnia 21 maja 2021 w sprawie szczeg\u00f3\u0142owych warunk\u00f3w, form \u00a0\u00a0i trybu realizacji Priorytetu 3 \u201e Narodowego Programu Rozwoju Czytelnictwa 2.0 na lata 2021 -2025 r.\u201d<\/span><\/em><\/p>\n<p><span style=\"font-size: 14pt;color: #008080\"><em>Zgodnie z przytoczonymi aktami prawnymi, wsparcie finansowe\u00a0 \u00a0dla plac\u00f3wek wychowania przedszkolnego, mo\u017ce zosta\u0107 \u00a0przeznaczone na:<\/em><\/span><\/p>\n<ol>\n<li><span style=\"font-size: 14pt;color: #008080\"><em>Zakup ksi\u0105\u017cek b\u0119d\u0105cych nowo\u015bciami wydawniczymi dla dzieci w wieku 3-6 lat, w tym ksi\u0105\u017cek opublikowanych drukiem lub na innym no\u015bniku<\/em><\/span><\/li>\n<li><span style=\"font-size: 14pt;color: #008080\"><em>Realizacj\u0119 dzia\u0142a\u0144 promuj\u0105cych czytelnictwo: zakup ksi\u0105\u017cek b\u0119d\u0105cych nagrodami dla dzieci bior\u0105cych udzia\u0142 w dzia\u0142aniach promuj\u0105cych czytelnictwo, organizacj\u0119 spotka\u0144 autorskich, wystaw i konkurs\u00f3w.<\/em><\/span><span style=\"color: #008000\"><em><span style=\"font-size: 14pt\">Przedszkole, w ramach posiadanego bud\u017cetu, \u00a0stara si\u0119 stale wzbogaca\u0107 \u00a0sw\u00f3j ksi\u0119gozbi\u00f3r i podejmuje wiele dzia\u0142a\u0144\u00a0 promuj\u0105cych czytelnictwo\u00a0 w\u015br\u00f3d dzieci, rodzic\u00f3w i nauczycieli. \u00a0Dofinansowanie w ramach Programu w du\u017cym stopniu \u00a0pozwoli wzbogaci\u0107 sale przedszkolne w ciekawe pozycje literatury dzieci\u0119cej\u00a0 oraz pozwoli realizowa\u0107 dzia\u0142ania na rzecz rozwoju czytelnictwa w\u015br\u00f3d dzieci. Informuj\u0119 tak\u017ce, \u017ce na realizacj\u0119 wspomnianych zada\u0144 z\u0142o\u017cy\u0142am wniosek na kolejny rok kalendarzowy i oczekuj\u0119 sukcesu.<br \/>\n<\/span><\/em><\/span><span style=\"color: #666699\"><em>Jak zawsze pozdrawiam ciep\u0142o i \u017cycz\u0119 zdrowia. Dyrektor plac\u00f3wki Lidia Walczak-I\u017cycka<\/em> <\/span><\/li>\n<\/ol>\n","protected":false},"excerpt":{"rendered":"<p>Drodzy Rodzice. Z przyjemno\u015bci\u0105 informuj\u0119, \u017ce\u00a0\u00a0 Przedszkole 18 &#8222;Wiolinek&#8221;,\u00a0 zosta\u0142o beneficjentem \u015brodk\u00f3w\u00a0 \u00a0finansowych w ramach rz\u0105dowego programu \u201e Narodowy Program Rozwoju Czytelnictwa 2.0 na lata 2021 -2025\u201d Ca\u0142kowity koszt realizacji [&hellip;]<\/p>\n","protected":false},"author":115,"featured_media":2018,"comment_status":"closed","ping_status":"closed","sticky":false,"template":"","format":"standard","meta":{"ngg_post_thumbnail":0,"footnotes":""},"categories":[3],"tags":[],"class_list":["post-5251","post","type-post","status-publish","format-standard","has-post-thumbnail","hentry","category-aktualnosci","clearfix"],"_links":{"self":[{"href":"https:\/\/przedszkole18.edu.wroclaw.pl\/index.php\/wp-json\/wp\/v2\/posts\/5251","targetHints":{"allow":["GET"]}}],"collection":[{"href":"https:\/\/przedszkole18.edu.wroclaw.pl\/index.php\/wp-json\/wp\/v2\/posts"}],"about":[{"href":"https:\/\/przedszkole18.edu.wroclaw.pl\/index.php\/wp-json\/wp\/v2\/types\/post"}],"author":[{"embeddable":true,"href":"https:\/\/przedszkole18.edu.wroclaw.pl\/index.php\/wp-json\/wp\/v2\/users\/115"}],"replies":[{"embeddable":true,"href":"https:\/\/przedszkole18.edu.wroclaw.pl\/index.php\/wp-json\/wp\/v2\/comments?post=5251"}],"version-history":[{"count":3,"href":"https:\/\/przedszkole18.edu.wroclaw.pl\/index.php\/wp-json\/wp\/v2\/posts\/5251\/revisions"}],"predecessor-version":[{"id":6056,"href":"https:\/\/przedszkole18.edu.wroclaw.pl\/index.php\/wp-json\/wp\/v2\/posts\/5251\/revisions\/6056"}],"wp:featuredmedia":[{"embeddable":true,"href":"https:\/\/przedszkole18.edu.wroclaw.pl\/index.php\/wp-json\/wp\/v2\/media\/2018"}],"wp:attachment":[{"href":"https:\/\/przedszkole18.edu.wroclaw.pl\/index.php\/wp-json\/wp\/v2\/media?parent=5251"}],"wp:term":[{"taxonomy":"category","embeddable":true,"href":"https:\/\/przedszkole18.edu.wroclaw.pl\/index.php\/wp-json\/wp\/v2\/categories?post=5251"},{"taxonomy":"post_tag","embeddable":true,"href":"https:\/\/przedszkole18.edu.wroclaw.pl\/index.php\/wp-json\/wp\/v2\/tags?post=5251"}],"curies":[{"name":"wp","href":"https:\/\/api.w.org\/{rel}","templated":true}]}}