
{"id":5293,"date":"2021-11-12T12:00:41","date_gmt":"2021-11-12T11:00:41","guid":{"rendered":"https:\/\/przedszkole18.edu.wroclaw.pl\/?p=5293"},"modified":"2021-11-12T12:00:41","modified_gmt":"2021-11-12T11:00:41","slug":"wazne-14","status":"publish","type":"post","link":"https:\/\/przedszkole18.edu.wroclaw.pl\/index.php\/2021\/11\/12\/wazne-14\/","title":{"rendered":"WA\u017bNE !"},"content":{"rendered":"<p><span style=\"font-size: 14pt;color: #800000\"><strong><em>Drodzy Rodzice !<\/em> <\/strong><\/span><\/p>\n<p><span style=\"color: #008000\"><strong><span style=\"font-size: 14pt\"><em>Z przyjemno\u015bci\u0105 informuj\u0119, \u017ce po d\u0142ugich staraniach pozyskali\u015bmy pieni\u0105dze na malowanie sal \u00a0przedszkolnych \u00a0\u00a0z zastrze\u017ceniem, \u017ce musimy je wyda\u0107 do ko\u0144ca 2021 roku. \u00a0Ciesz\u0119 si\u0119, \u017ce b\u0119d\u0119 mog\u0142a podnie\u015b\u0107 estetyk\u0119 budynku ale wiem, \u017ce nie jestem w stanie zrobi\u0107 tego bez Pa\u0144stwa pomocy i zrozumienia.<\/em> <\/span><\/strong><\/span><\/p>\n<p><span style=\"color: #008080\"><strong><span style=\"font-size: 14pt\"><em>Idealn\u0105 sytuacj\u0105 \u00a0\u00a0do sprawnego zrealizowania planowanych prac by\u0142oby, gdyby\u015bcie Pa\u0144stwo mogli zapewni\u0107 swoim dzieciom opiek\u0119 na czas malowania. Zdaj\u0119\u00a0 sobie spraw\u0119, \u017ce jest to trudne, a\u00a0 w niekt\u00f3rych przypadkach, niemo\u017cliwe. Dlatego te\u017c pozwol\u0119 sobie w poniedzia\u0142ek 15 listopada, zadzwoni\u0107 osobi\u015bcie w celu ustalenia faktycznej liczby dzieci w grupie I \u00a0w dniach do 17 do 19 listopada.\u00a0 \u00a0Obiecuj\u0119, \u017ce \u017cadne dziecko nie zostawimy bez opieki.<\/em> <\/span><\/strong><\/span><\/p>\n<p style=\"text-align: center\"><span style=\"color: #800000;font-size: 18pt\"><em><strong>Prac\u0119\u00a0 zaczynamy w \u015brod\u0119 17 listopada od sali grupy I.<\/strong><\/em><\/span><\/p>\n<p><span style=\"font-size: 14pt;color: #008000\"><em><strong>O kolejnych terminach, dotycz\u0105cych innych grup, \u00a0b\u0119d\u0119 Pa\u0144stwa informowa\u0107 na bie\u017c\u0105co. Dzi\u0119kuj\u0119 za zrozumienie i licz\u0119 na wsp\u00f3\u0142prac\u0119. Wszystkim nam zale\u017cy na szybkim i sprawnym przebiegu prac. <\/strong><\/em><\/span><\/p>\n<p><span style=\"font-size: 14pt;color: #008000\"><em><strong><span style=\"color: #666699\">Pozdrawiam serdecznie i jak zawsze \u017cycz\u0119 du\u017co zdrowia.<\/span> <span style=\"color: #666699\">Dyrektor plac\u00f3wki Lidia Walczak-I\u017cycka<\/span><br \/>\n<\/strong><\/em><\/span><\/p>\n","protected":false},"excerpt":{"rendered":"<p>Drodzy Rodzice ! Z przyjemno\u015bci\u0105 informuj\u0119, \u017ce po d\u0142ugich staraniach pozyskali\u015bmy pieni\u0105dze na malowanie sal \u00a0przedszkolnych \u00a0\u00a0z zastrze\u017ceniem, \u017ce musimy je wyda\u0107 do ko\u0144ca 2021 roku. \u00a0Ciesz\u0119 si\u0119, \u017ce b\u0119d\u0119 [&hellip;]<\/p>\n","protected":false},"author":115,"featured_media":1727,"comment_status":"closed","ping_status":"closed","sticky":false,"template":"","format":"standard","meta":{"ngg_post_thumbnail":0,"footnotes":""},"categories":[3],"tags":[],"class_list":["post-5293","post","type-post","status-publish","format-standard","has-post-thumbnail","hentry","category-aktualnosci","clearfix"],"_links":{"self":[{"href":"https:\/\/przedszkole18.edu.wroclaw.pl\/index.php\/wp-json\/wp\/v2\/posts\/5293","targetHints":{"allow":["GET"]}}],"collection":[{"href":"https:\/\/przedszkole18.edu.wroclaw.pl\/index.php\/wp-json\/wp\/v2\/posts"}],"about":[{"href":"https:\/\/przedszkole18.edu.wroclaw.pl\/index.php\/wp-json\/wp\/v2\/types\/post"}],"author":[{"embeddable":true,"href":"https:\/\/przedszkole18.edu.wroclaw.pl\/index.php\/wp-json\/wp\/v2\/users\/115"}],"replies":[{"embeddable":true,"href":"https:\/\/przedszkole18.edu.wroclaw.pl\/index.php\/wp-json\/wp\/v2\/comments?post=5293"}],"version-history":[{"count":1,"href":"https:\/\/przedszkole18.edu.wroclaw.pl\/index.php\/wp-json\/wp\/v2\/posts\/5293\/revisions"}],"predecessor-version":[{"id":5294,"href":"https:\/\/przedszkole18.edu.wroclaw.pl\/index.php\/wp-json\/wp\/v2\/posts\/5293\/revisions\/5294"}],"wp:featuredmedia":[{"embeddable":true,"href":"https:\/\/przedszkole18.edu.wroclaw.pl\/index.php\/wp-json\/wp\/v2\/media\/1727"}],"wp:attachment":[{"href":"https:\/\/przedszkole18.edu.wroclaw.pl\/index.php\/wp-json\/wp\/v2\/media?parent=5293"}],"wp:term":[{"taxonomy":"category","embeddable":true,"href":"https:\/\/przedszkole18.edu.wroclaw.pl\/index.php\/wp-json\/wp\/v2\/categories?post=5293"},{"taxonomy":"post_tag","embeddable":true,"href":"https:\/\/przedszkole18.edu.wroclaw.pl\/index.php\/wp-json\/wp\/v2\/tags?post=5293"}],"curies":[{"name":"wp","href":"https:\/\/api.w.org\/{rel}","templated":true}]}}