
{"id":5302,"date":"2021-11-15T09:25:38","date_gmt":"2021-11-15T08:25:38","guid":{"rendered":"https:\/\/przedszkole18.edu.wroclaw.pl\/?p=5302"},"modified":"2021-11-15T09:25:38","modified_gmt":"2021-11-15T08:25:38","slug":"konkurs-fotograficzny","status":"publish","type":"post","link":"https:\/\/przedszkole18.edu.wroclaw.pl\/index.php\/2021\/11\/15\/konkurs-fotograficzny\/","title":{"rendered":"KONKURS FOTOGRAFICZNY"},"content":{"rendered":"<p style=\"text-align: center\"><span style=\"color: #0000ff;font-size: 14pt\"><strong><span style=\"font-size: 18pt\">Zapraszamy wszystkie dzieci\u00a0 do udzia\u0142u w konkursie.<\/span> <\/strong><\/span><\/p>\n<p><span style=\"color: #0000ff;font-size: 14pt\"><strong>Podczas jesiennego spaceru zr\u00f3bcie kolorowe, jesienne zdj\u0119cie.<\/strong><\/span><\/p>\n<p><span style=\"color: #ff0000;font-size: 14pt\"><strong>Wydrukowane zdj\u0119cia w formacie A \u2013 4 (podpisane na odwrocie: imi\u0119 dziecka, grupa) przynie\u015bcie do nauczycielek grupy IVA. <\/strong><\/span><\/p>\n<p><span style=\"color: #0000ff;font-size: 14pt\"><strong><span style=\"color: #ff0000\">Na Wasze prace czekamy do 29. 11. 2021r.<\/span> <\/strong><\/span><\/p>\n<p><span style=\"color: #0000ff;font-size: 14pt\"><strong>Na uczestnik\u00f3w konkursu czekaj\u0105\u00a0 dyplomy i nagrody.<\/strong><\/span><\/p>\n<p style=\"text-align: center\"><span style=\"color: #008000;font-size: 14pt\"><strong>ZAPRASZAMY DO UDZIA\u0141U W KONKURSIE<\/strong><\/span><\/p>\n<p><a href=\"https:\/\/przedszkole18.edu.wroclaw.pl\/wp-content\/uploads\/sites\/36\/2021\/10\/picture.jpg\"><img loading=\"lazy\" decoding=\"async\" class=\"size-medium wp-image-4968 aligncenter\" src=\"https:\/\/przedszkole18.edu.wroclaw.pl\/wp-content\/uploads\/sites\/36\/2021\/10\/picture-300x169.jpg\" alt=\"\" width=\"300\" height=\"169\" \/><\/a><\/p>\n","protected":false},"excerpt":{"rendered":"<p>Zapraszamy wszystkie dzieci\u00a0 do udzia\u0142u w konkursie. Podczas jesiennego spaceru zr\u00f3bcie kolorowe, jesienne zdj\u0119cie. Wydrukowane zdj\u0119cia w formacie A \u2013 4 (podpisane na odwrocie: imi\u0119 dziecka, grupa) przynie\u015bcie do nauczycielek [&hellip;]<\/p>\n","protected":false},"author":108,"featured_media":2454,"comment_status":"closed","ping_status":"closed","sticky":false,"template":"","format":"standard","meta":{"ngg_post_thumbnail":0,"footnotes":""},"categories":[3],"tags":[],"class_list":["post-5302","post","type-post","status-publish","format-standard","has-post-thumbnail","hentry","category-aktualnosci","clearfix"],"_links":{"self":[{"href":"https:\/\/przedszkole18.edu.wroclaw.pl\/index.php\/wp-json\/wp\/v2\/posts\/5302","targetHints":{"allow":["GET"]}}],"collection":[{"href":"https:\/\/przedszkole18.edu.wroclaw.pl\/index.php\/wp-json\/wp\/v2\/posts"}],"about":[{"href":"https:\/\/przedszkole18.edu.wroclaw.pl\/index.php\/wp-json\/wp\/v2\/types\/post"}],"author":[{"embeddable":true,"href":"https:\/\/przedszkole18.edu.wroclaw.pl\/index.php\/wp-json\/wp\/v2\/users\/108"}],"replies":[{"embeddable":true,"href":"https:\/\/przedszkole18.edu.wroclaw.pl\/index.php\/wp-json\/wp\/v2\/comments?post=5302"}],"version-history":[{"count":1,"href":"https:\/\/przedszkole18.edu.wroclaw.pl\/index.php\/wp-json\/wp\/v2\/posts\/5302\/revisions"}],"predecessor-version":[{"id":5303,"href":"https:\/\/przedszkole18.edu.wroclaw.pl\/index.php\/wp-json\/wp\/v2\/posts\/5302\/revisions\/5303"}],"wp:featuredmedia":[{"embeddable":true,"href":"https:\/\/przedszkole18.edu.wroclaw.pl\/index.php\/wp-json\/wp\/v2\/media\/2454"}],"wp:attachment":[{"href":"https:\/\/przedszkole18.edu.wroclaw.pl\/index.php\/wp-json\/wp\/v2\/media?parent=5302"}],"wp:term":[{"taxonomy":"category","embeddable":true,"href":"https:\/\/przedszkole18.edu.wroclaw.pl\/index.php\/wp-json\/wp\/v2\/categories?post=5302"},{"taxonomy":"post_tag","embeddable":true,"href":"https:\/\/przedszkole18.edu.wroclaw.pl\/index.php\/wp-json\/wp\/v2\/tags?post=5302"}],"curies":[{"name":"wp","href":"https:\/\/api.w.org\/{rel}","templated":true}]}}