
{"id":5316,"date":"2021-11-22T13:52:03","date_gmt":"2021-11-22T12:52:03","guid":{"rendered":"https:\/\/przedszkole18.edu.wroclaw.pl\/?p=5316"},"modified":"2021-11-22T13:52:03","modified_gmt":"2021-11-22T12:52:03","slug":"wazne-grupa-i-ii","status":"publish","type":"post","link":"https:\/\/przedszkole18.edu.wroclaw.pl\/index.php\/2021\/11\/22\/wazne-grupa-i-ii\/","title":{"rendered":"WA\u017bNE GRUPA  I, II"},"content":{"rendered":"<p><span style=\"font-size: 14pt;color: #008000\"><em><strong>Szanowni Pa\u0144stwo w dniu 21.11.2021 otrzyma\u0142am informacj\u0119 o pozytywnych wynikach test\u00f3w na COVID-19 od pracownik\u00f3w plac\u00f3wki oraz dzieci ucz\u0119szczaj\u0105cych do grupy II w zwi\u0105zku z powy\u017cszym wszcz\u0119\u0142am procedur\u0119 obowi\u0105zuj\u0105c\u0105 we wszystkich plac\u00f3wkach edukacyjnych.<\/strong><\/em><\/span><\/p>\n<p><span style=\"font-size: 14pt;color: #800000\"><em><strong><span style=\"color: #0000ff\">Dzieci z grupy I i\u00a0 II b\u0119d\u0105ce w dniach\u00a0 17-19.11.2021 w plac\u00f3wce zosta\u0142y zg\u0142oszone do portalu www.gov.pl jako osoby z bliskiego kontaktu z osob\u0105 zara\u017con\u0105 i zostaj\u0105 obligatoryjnie obj\u0119te kwarantann\u0105 do dnia 29. 11.2021 prosz\u0119 \u015bledzi\u0107 stron\u0119 pacjent. gov.pl \/indywidualne konto pacjenta\/ tam otrzymaj\u0105 Pa\u0144stwo informacje.\u00a0<\/span> <\/strong><\/em><\/span><\/p>\n<p><span style=\"font-size: 14pt;color: #800000\"><em><strong>Osoby zaszczepione w my\u015bl nowych przepis\u00f3w nie s\u0105 obj\u0119te kwarantann\u0105. <\/strong><\/em><\/span><\/p>\n<p><span style=\"font-size: 14pt;color: #800080\"><em><strong>W zwi\u0105zku z zaistnia\u0142\u0105 sytuacj\u0105 wyst\u0105pi\u0142am z wnioskiem do Sanepidu i Organu Prowadz\u0105cego o zawieszenie dzia\u0142alno\u015bci grupy I i II do dnia 29.11.2021. Czekam na decyzj\u0119 , prosz\u0119 \u015bledzi\u0107 stron\u0119 internetow\u0105 plac\u00f3wki. Prosz\u0119 tak\u017ce o informacj\u0119 w przypadku zachorowa\u0144 &#8211; pozytywnych wynikach testu naszych wychowank\u00f3w.\u00a0<\/strong> <\/em><\/span><\/p>\n<p><span style=\"color: #666699\"><em>Pozdrawiam i \u017cycz\u0119 du\u017co zdrowia. Dyrektor plac\u00f3wki Lidia Walczak-I\u017cycka\u00a0<\/em> <\/span><\/p>\n<p>&nbsp;<\/p>\n","protected":false},"excerpt":{"rendered":"<p>Szanowni Pa\u0144stwo w dniu 21.11.2021 otrzyma\u0142am informacj\u0119 o pozytywnych wynikach test\u00f3w na COVID-19 od pracownik\u00f3w plac\u00f3wki oraz dzieci ucz\u0119szczaj\u0105cych do grupy II w zwi\u0105zku z powy\u017cszym wszcz\u0119\u0142am procedur\u0119 obowi\u0105zuj\u0105c\u0105 we [&hellip;]<\/p>\n","protected":false},"author":115,"featured_media":629,"comment_status":"closed","ping_status":"closed","sticky":false,"template":"","format":"standard","meta":{"ngg_post_thumbnail":0,"footnotes":""},"categories":[3],"tags":[],"class_list":["post-5316","post","type-post","status-publish","format-standard","has-post-thumbnail","hentry","category-aktualnosci","clearfix"],"_links":{"self":[{"href":"https:\/\/przedszkole18.edu.wroclaw.pl\/index.php\/wp-json\/wp\/v2\/posts\/5316","targetHints":{"allow":["GET"]}}],"collection":[{"href":"https:\/\/przedszkole18.edu.wroclaw.pl\/index.php\/wp-json\/wp\/v2\/posts"}],"about":[{"href":"https:\/\/przedszkole18.edu.wroclaw.pl\/index.php\/wp-json\/wp\/v2\/types\/post"}],"author":[{"embeddable":true,"href":"https:\/\/przedszkole18.edu.wroclaw.pl\/index.php\/wp-json\/wp\/v2\/users\/115"}],"replies":[{"embeddable":true,"href":"https:\/\/przedszkole18.edu.wroclaw.pl\/index.php\/wp-json\/wp\/v2\/comments?post=5316"}],"version-history":[{"count":1,"href":"https:\/\/przedszkole18.edu.wroclaw.pl\/index.php\/wp-json\/wp\/v2\/posts\/5316\/revisions"}],"predecessor-version":[{"id":5317,"href":"https:\/\/przedszkole18.edu.wroclaw.pl\/index.php\/wp-json\/wp\/v2\/posts\/5316\/revisions\/5317"}],"wp:featuredmedia":[{"embeddable":true,"href":"https:\/\/przedszkole18.edu.wroclaw.pl\/index.php\/wp-json\/wp\/v2\/media\/629"}],"wp:attachment":[{"href":"https:\/\/przedszkole18.edu.wroclaw.pl\/index.php\/wp-json\/wp\/v2\/media?parent=5316"}],"wp:term":[{"taxonomy":"category","embeddable":true,"href":"https:\/\/przedszkole18.edu.wroclaw.pl\/index.php\/wp-json\/wp\/v2\/categories?post=5316"},{"taxonomy":"post_tag","embeddable":true,"href":"https:\/\/przedszkole18.edu.wroclaw.pl\/index.php\/wp-json\/wp\/v2\/tags?post=5316"}],"curies":[{"name":"wp","href":"https:\/\/api.w.org\/{rel}","templated":true}]}}