
{"id":5363,"date":"2021-11-23T10:31:49","date_gmt":"2021-11-23T09:31:49","guid":{"rendered":"https:\/\/przedszkole18.edu.wroclaw.pl\/?p=5363"},"modified":"2021-11-23T10:32:05","modified_gmt":"2021-11-23T09:32:05","slug":"wazne-15","status":"publish","type":"post","link":"https:\/\/przedszkole18.edu.wroclaw.pl\/index.php\/2021\/11\/23\/wazne-15\/","title":{"rendered":"WA\u017bNE!"},"content":{"rendered":"<p><span style=\"color: #008000\"><em><strong><span style=\"font-size: 14pt\">Szanowni Pa\u0144stw!<\/span><\/strong><\/em><\/span><\/p>\n<p><span style=\"color: #ff0000\"><em><strong><span style=\"font-size: 14pt\">Zgodnie z wczorajsz\u0105 informacj\u0105,\u00a0 dotycz\u0105c\u0105 zawieszenia pracy w grupie I i\u00a0 grupie II\u00a0 potwierdzam,\u00a0 \u017ce otrzyma\u0142am zgod\u0119 na zawieszenie pracy wskazanych grup z Organu Prowadz\u0105cego i Sanepidu.<\/span><\/strong><\/em><\/span><\/p>\n<p><span style=\"color: #008000\"><em><strong><span style=\"font-size: 14pt\">Grupa I &#8211; zawieszam prace do 29 listopada<\/span><\/strong><\/em><\/span><\/p>\n<p><span style=\"color: #008000\"><em><strong><span style=\"font-size: 14pt\">Grupa II &#8211; zawieszam prace do 27 listopada<\/span><\/strong><\/em><\/span><\/p>\n<p><em><strong><span style=\"color: #993366;font-size: 14pt\">Po wspomnianym okresie zapraszam do plac\u00f3wki wznawiamy swoje dzia\u0142anie. Wszystkich Pa\u0144stwa uczulam i przypominam, do plac\u00f3wki przyjmuj\u0119 tylko zdrowe dzieci , bez kaszlu, kataru, gor\u0105czki i b\u00f3li brzucha.\u00a0\u00a0 <\/span><\/strong><\/em><\/p>\n<p><em><strong><span style=\"color: #993366;font-size: 14pt\"><span style=\"color: #008080\">Jeszcze raz wyja\u015bniam,\u00a0 wczorajsze informacje dotycz\u0105ce zg\u0142oszonych dzieci na kwarantanne z uwagi i bezpo\u015bredni kontakt z osoba z pozytywnym wynikiem testu. Dzieci z <span style=\"color: #800000\">grupy II<\/span> b\u0119d\u0105ce w przedszkolu w dniu 17 listopada, to dzieci,\u00a0 kt\u00f3rych dotyczy kwarantanna pozosta\u0142e dzieci nie s\u0105 ni\u0105 obj\u0119te, ale z uwagi na zamkni\u0119cie oddzia\u0142u, pozostaj\u0105 pod Pa\u0144stwa opiek\u0105. Witam Was dopiero w poniedzia\u0142ek 29 listopada.\u00a0<\/span> <\/span><\/strong><\/em><\/p>\n<p><em><strong><span style=\"color: #993366;font-size: 14pt\"><span style=\"color: #008080\"><span style=\"color: #800000\">Grupa I<\/span> dzieci z bezpo\u015bredniego kontaktu z osobami\u00a0 maj\u0105cymi\u00a0 pozytywny wynik testu to dzieci, kt\u00f3re w dniach 17,18,19 listopada by\u0142y w plac\u00f3wce s\u0105 zg\u0142oszone do kwarantanny, pozosta\u0142e dzieci nie s\u0105 ni\u0105 obj\u0119te ale z uwagi na zamkni\u0119cie oddzia\u0142u pozostaj\u0105 pod Pa\u0144stwa opiek\u0105. Witam\u00a0 Was dopiero we wtorek\u00a0 30 listopada.<\/span> <\/span><\/strong><\/em><\/p>\n<p><span style=\"color: #008000\"><em><strong><span style=\"font-size: 14pt\">Wiem,\u00a0 \u017ce takie sytuacje s\u0105 trudne, wiem \u017ce wywo\u0142uj\u0105 u Pa\u0144stwa r\u00f3\u017cne my\u015blenie i\u00a0 emocje, kt\u00f3rych konsekwencj\u0105 s\u0105 r\u00f3\u017cne komentarze.\u00a0 Ale wiem te\u017c,\u00a0 ile trudnych decyzji podj\u0105\u0107\u00a0 musi dyrektor\u00a0 plac\u00f3wki o\u015bwiatowej.\u00a0\u00a0<\/span><\/strong><\/em><\/span><\/p>\n<p><em><strong><span style=\"color: #993366;font-size: 14pt\"><span style=\"color: #008000\">\u00a0Szanowni Pa\u0144stwo, nie ma nic bardziej wa\u017cnego dla cz\u0142owieka i dyrektora, w ka\u017cdych czasach,\u00a0 jak zdrowie dzieci i pracownik\u00f3w za, kt\u00f3rych odpowiada. \u00a0<\/span> <\/span><\/strong><\/em><\/p>\n<p><span style=\"font-size: 12pt;color: #808080\"><em><strong>Pozdrawiam serdecznie i\u00a0 \u017cycz\u0119 du\u017co\u00a0 zdrowia. Dyrektor plac\u00f3wki Lidia Walczak-I\u017cycka\u00a0 <\/strong><\/em><\/span><\/p>\n","protected":false},"excerpt":{"rendered":"<p>Szanowni Pa\u0144stw! Zgodnie z wczorajsz\u0105 informacj\u0105,\u00a0 dotycz\u0105c\u0105 zawieszenia pracy w grupie I i\u00a0 grupie II\u00a0 potwierdzam,\u00a0 \u017ce otrzyma\u0142am zgod\u0119 na zawieszenie pracy wskazanych grup z Organu Prowadz\u0105cego i Sanepidu. Grupa [&hellip;]<\/p>\n","protected":false},"author":115,"featured_media":629,"comment_status":"closed","ping_status":"closed","sticky":false,"template":"","format":"standard","meta":{"ngg_post_thumbnail":0,"footnotes":""},"categories":[3],"tags":[],"class_list":["post-5363","post","type-post","status-publish","format-standard","has-post-thumbnail","hentry","category-aktualnosci","clearfix"],"_links":{"self":[{"href":"https:\/\/przedszkole18.edu.wroclaw.pl\/index.php\/wp-json\/wp\/v2\/posts\/5363","targetHints":{"allow":["GET"]}}],"collection":[{"href":"https:\/\/przedszkole18.edu.wroclaw.pl\/index.php\/wp-json\/wp\/v2\/posts"}],"about":[{"href":"https:\/\/przedszkole18.edu.wroclaw.pl\/index.php\/wp-json\/wp\/v2\/types\/post"}],"author":[{"embeddable":true,"href":"https:\/\/przedszkole18.edu.wroclaw.pl\/index.php\/wp-json\/wp\/v2\/users\/115"}],"replies":[{"embeddable":true,"href":"https:\/\/przedszkole18.edu.wroclaw.pl\/index.php\/wp-json\/wp\/v2\/comments?post=5363"}],"version-history":[{"count":1,"href":"https:\/\/przedszkole18.edu.wroclaw.pl\/index.php\/wp-json\/wp\/v2\/posts\/5363\/revisions"}],"predecessor-version":[{"id":5364,"href":"https:\/\/przedszkole18.edu.wroclaw.pl\/index.php\/wp-json\/wp\/v2\/posts\/5363\/revisions\/5364"}],"wp:featuredmedia":[{"embeddable":true,"href":"https:\/\/przedszkole18.edu.wroclaw.pl\/index.php\/wp-json\/wp\/v2\/media\/629"}],"wp:attachment":[{"href":"https:\/\/przedszkole18.edu.wroclaw.pl\/index.php\/wp-json\/wp\/v2\/media?parent=5363"}],"wp:term":[{"taxonomy":"category","embeddable":true,"href":"https:\/\/przedszkole18.edu.wroclaw.pl\/index.php\/wp-json\/wp\/v2\/categories?post=5363"},{"taxonomy":"post_tag","embeddable":true,"href":"https:\/\/przedszkole18.edu.wroclaw.pl\/index.php\/wp-json\/wp\/v2\/tags?post=5363"}],"curies":[{"name":"wp","href":"https:\/\/api.w.org\/{rel}","templated":true}]}}