
{"id":5365,"date":"2021-11-23T15:47:33","date_gmt":"2021-11-23T14:47:33","guid":{"rendered":"https:\/\/przedszkole18.edu.wroclaw.pl\/?p=5365"},"modified":"2021-11-23T15:47:33","modified_gmt":"2021-11-23T14:47:33","slug":"mali-wspaniali-2","status":"publish","type":"post","link":"https:\/\/przedszkole18.edu.wroclaw.pl\/index.php\/2021\/11\/23\/mali-wspaniali-2\/","title":{"rendered":"Mali Wspaniali!"},"content":{"rendered":"<p><span style=\"color: #008000\"><em><span style=\"font-size: 14pt\">Drodzy Rodzice na pro\u015bb\u0119 koordynatora zaj\u0119\u0107 prowadzonych przez Fundacj\u0119 Mali Wspaniali informuje, \u017ce w przypadku problem\u00f3w z logowaniem na stron\u0119 fundacji prosz\u0119 pisa\u0107 na adres e-mail:\u00a0<\/span> <\/em><\/span><span style=\"color: #0000ff\"><span style=\"font-size: 14pt\">fundacja@mali-wspaniali.pl<\/span>\u00a0 <\/span><span style=\"font-size: 14pt\"><em><span style=\"color: #008000\">W przypadku problem\u00f3w prosz\u0119 o kontakt z plac\u00f3wk\u0105.\u00a0 Pozdrawiam.\u00a0<\/span> <\/em><\/span><\/p>\n","protected":false},"excerpt":{"rendered":"<p>Drodzy Rodzice na pro\u015bb\u0119 koordynatora zaj\u0119\u0107 prowadzonych przez Fundacj\u0119 Mali Wspaniali informuje, \u017ce w przypadku problem\u00f3w z logowaniem na stron\u0119 fundacji prosz\u0119 pisa\u0107 na adres e-mail:\u00a0 fundacja@mali-wspaniali.pl\u00a0 W przypadku problem\u00f3w [&hellip;]<\/p>\n","protected":false},"author":115,"featured_media":0,"comment_status":"closed","ping_status":"closed","sticky":false,"template":"","format":"standard","meta":{"ngg_post_thumbnail":0,"footnotes":""},"categories":[3],"tags":[],"class_list":["post-5365","post","type-post","status-publish","format-standard","hentry","category-aktualnosci","clearfix"],"_links":{"self":[{"href":"https:\/\/przedszkole18.edu.wroclaw.pl\/index.php\/wp-json\/wp\/v2\/posts\/5365","targetHints":{"allow":["GET"]}}],"collection":[{"href":"https:\/\/przedszkole18.edu.wroclaw.pl\/index.php\/wp-json\/wp\/v2\/posts"}],"about":[{"href":"https:\/\/przedszkole18.edu.wroclaw.pl\/index.php\/wp-json\/wp\/v2\/types\/post"}],"author":[{"embeddable":true,"href":"https:\/\/przedszkole18.edu.wroclaw.pl\/index.php\/wp-json\/wp\/v2\/users\/115"}],"replies":[{"embeddable":true,"href":"https:\/\/przedszkole18.edu.wroclaw.pl\/index.php\/wp-json\/wp\/v2\/comments?post=5365"}],"version-history":[{"count":1,"href":"https:\/\/przedszkole18.edu.wroclaw.pl\/index.php\/wp-json\/wp\/v2\/posts\/5365\/revisions"}],"predecessor-version":[{"id":5366,"href":"https:\/\/przedszkole18.edu.wroclaw.pl\/index.php\/wp-json\/wp\/v2\/posts\/5365\/revisions\/5366"}],"wp:attachment":[{"href":"https:\/\/przedszkole18.edu.wroclaw.pl\/index.php\/wp-json\/wp\/v2\/media?parent=5365"}],"wp:term":[{"taxonomy":"category","embeddable":true,"href":"https:\/\/przedszkole18.edu.wroclaw.pl\/index.php\/wp-json\/wp\/v2\/categories?post=5365"},{"taxonomy":"post_tag","embeddable":true,"href":"https:\/\/przedszkole18.edu.wroclaw.pl\/index.php\/wp-json\/wp\/v2\/tags?post=5365"}],"curies":[{"name":"wp","href":"https:\/\/api.w.org\/{rel}","templated":true}]}}