
{"id":5402,"date":"2021-11-30T17:27:27","date_gmt":"2021-11-30T16:27:27","guid":{"rendered":"https:\/\/przedszkole18.edu.wroclaw.pl\/?p=5402"},"modified":"2021-11-30T17:34:49","modified_gmt":"2021-11-30T16:34:49","slug":"wizyta-mikolaja","status":"publish","type":"post","link":"https:\/\/przedszkole18.edu.wroclaw.pl\/index.php\/2021\/11\/30\/wizyta-mikolaja\/","title":{"rendered":"Wizyta Miko\u0142aja!"},"content":{"rendered":"<p><span style=\"color: #000080;font-size: 18pt\"><em><strong>Drodzy rodzice<\/strong><\/em><em><strong>, <\/strong><\/em><em><strong>kochane dzieci ! <\/strong><\/em><\/span><\/p>\n<p><span style=\"color: #800080;font-size: 18pt\"><em>W poniedzia\u0142ek <span style=\"color: #ff0000\">6 grudnia<\/span> mamy przyjemno\u015b\u0107 go\u015bci\u0107 w &#8222;Wiolinku&#8221;\u00a0 upragnionego i wyczekiwanego przez dzieci go\u015bcia <img loading=\"lazy\" decoding=\"async\" class=\"size-medium wp-image-5396 aligncenter\" src=\"https:\/\/przedszkole18.edu.wroclaw.pl\/wp-content\/uploads\/sites\/36\/2021\/11\/pngtree-santa-claus-reindeer-and-snowman-christmas-card-background-image_308428-300x141.jpg\" alt=\"\" width=\"300\" height=\"141\" srcset=\"https:\/\/przedszkole18.edu.wroclaw.pl\/wp-content\/uploads\/sites\/36\/2021\/11\/pngtree-santa-claus-reindeer-and-snowman-christmas-card-background-image_308428-300x141.jpg 300w, https:\/\/przedszkole18.edu.wroclaw.pl\/wp-content\/uploads\/sites\/36\/2021\/11\/pngtree-santa-claus-reindeer-and-snowman-christmas-card-background-image_308428-768x360.jpg 768w, https:\/\/przedszkole18.edu.wroclaw.pl\/wp-content\/uploads\/sites\/36\/2021\/11\/pngtree-santa-claus-reindeer-and-snowman-christmas-card-background-image_308428-600x281.jpg 600w, https:\/\/przedszkole18.edu.wroclaw.pl\/wp-content\/uploads\/sites\/36\/2021\/11\/pngtree-santa-claus-reindeer-and-snowman-christmas-card-background-image_308428-624x293.jpg 624w, https:\/\/przedszkole18.edu.wroclaw.pl\/wp-content\/uploads\/sites\/36\/2021\/11\/pngtree-santa-claus-reindeer-and-snowman-christmas-card-background-image_308428.jpg 960w\" sizes=\"auto, (max-width: 300px) 100vw, 300px\" \/><\/em><\/span><\/p>\n<p><span style=\"color: #800080;font-size: 18pt\"><em>\u00a0Z uwagi na du\u017c\u0105 ilo\u015b\u0107 dzieci, kt\u00f3re pragnie odwiedzi\u0107, wizyt\u0119 w naszym przedszkolu,\u00a0 zaplanowa\u0142 na godzin\u0119 9.15 <\/em><\/span><\/p>\n<p><span style=\"color: #800080;font-size: 18pt\"><em>Odwiedzi wszystkie grupy, zobaczy nasze prace i bardzo ch\u0119tnie wys\u0142ucha, jak pi\u0119knie \u015bpiewacie i recytujecie wierszyki. <\/em><\/span><\/p>\n<p><span style=\"color: #339966;font-size: 18pt\"><em><span style=\"color: #800080\">Obieca\u0142, \u017ce nie zapomni o prezentach dla wszystkich dzieci.\u00a0<\/span> <\/em><\/span><\/p>\n","protected":false},"excerpt":{"rendered":"<p>Drodzy rodzice, kochane dzieci ! W poniedzia\u0142ek 6 grudnia mamy przyjemno\u015b\u0107 go\u015bci\u0107 w &#8222;Wiolinku&#8221;\u00a0 upragnionego i wyczekiwanego przez dzieci go\u015bcia \u00a0Z uwagi na du\u017c\u0105 ilo\u015b\u0107 dzieci, kt\u00f3re pragnie odwiedzi\u0107, wizyt\u0119 [&hellip;]<\/p>\n","protected":false},"author":115,"featured_media":5396,"comment_status":"closed","ping_status":"closed","sticky":false,"template":"","format":"standard","meta":{"ngg_post_thumbnail":0,"footnotes":""},"categories":[3],"tags":[],"class_list":["post-5402","post","type-post","status-publish","format-standard","has-post-thumbnail","hentry","category-aktualnosci","clearfix"],"_links":{"self":[{"href":"https:\/\/przedszkole18.edu.wroclaw.pl\/index.php\/wp-json\/wp\/v2\/posts\/5402","targetHints":{"allow":["GET"]}}],"collection":[{"href":"https:\/\/przedszkole18.edu.wroclaw.pl\/index.php\/wp-json\/wp\/v2\/posts"}],"about":[{"href":"https:\/\/przedszkole18.edu.wroclaw.pl\/index.php\/wp-json\/wp\/v2\/types\/post"}],"author":[{"embeddable":true,"href":"https:\/\/przedszkole18.edu.wroclaw.pl\/index.php\/wp-json\/wp\/v2\/users\/115"}],"replies":[{"embeddable":true,"href":"https:\/\/przedszkole18.edu.wroclaw.pl\/index.php\/wp-json\/wp\/v2\/comments?post=5402"}],"version-history":[{"count":2,"href":"https:\/\/przedszkole18.edu.wroclaw.pl\/index.php\/wp-json\/wp\/v2\/posts\/5402\/revisions"}],"predecessor-version":[{"id":5406,"href":"https:\/\/przedszkole18.edu.wroclaw.pl\/index.php\/wp-json\/wp\/v2\/posts\/5402\/revisions\/5406"}],"wp:featuredmedia":[{"embeddable":true,"href":"https:\/\/przedszkole18.edu.wroclaw.pl\/index.php\/wp-json\/wp\/v2\/media\/5396"}],"wp:attachment":[{"href":"https:\/\/przedszkole18.edu.wroclaw.pl\/index.php\/wp-json\/wp\/v2\/media?parent=5402"}],"wp:term":[{"taxonomy":"category","embeddable":true,"href":"https:\/\/przedszkole18.edu.wroclaw.pl\/index.php\/wp-json\/wp\/v2\/categories?post=5402"},{"taxonomy":"post_tag","embeddable":true,"href":"https:\/\/przedszkole18.edu.wroclaw.pl\/index.php\/wp-json\/wp\/v2\/tags?post=5402"}],"curies":[{"name":"wp","href":"https:\/\/api.w.org\/{rel}","templated":true}]}}