
{"id":5404,"date":"2021-11-30T17:33:35","date_gmt":"2021-11-30T16:33:35","guid":{"rendered":"https:\/\/przedszkole18.edu.wroclaw.pl\/?p=5404"},"modified":"2021-11-30T17:33:35","modified_gmt":"2021-11-30T16:33:35","slug":"propozycja-zdjec","status":"publish","type":"post","link":"https:\/\/przedszkole18.edu.wroclaw.pl\/index.php\/2021\/11\/30\/propozycja-zdjec\/","title":{"rendered":"Propozycja zdj\u0119\u0107."},"content":{"rendered":"<p><span style=\"font-size: 18pt;color: #666699\"><em>Szanowni Pa\u0144stwo,\u00a0 bie\u017c\u0105ca sytuacja zwi\u0105zana z COVID-19 budzi\u00a0 wiele r\u00f3\u017cnych w\u0105tpliwo\u015bci,\u00a0\u00a0 dlatego te\u017c<\/em><\/span><\/p>\n<p><span style=\"font-size: 18pt;color: #666699\"><em>\u00a0proponujemy zdj\u0119cia w \u00a0scenerii \u015bwi\u0105tecznej\u00a0 z miniatur\u0105 \u00a0Miko\u0142aja w r\u0119kach.\u00a0<\/em><\/span><\/p>\n<p><img loading=\"lazy\" decoding=\"async\" class=\"alignnone size-medium wp-image-5393\" src=\"https:\/\/przedszkole18.edu.wroclaw.pl\/wp-content\/uploads\/sites\/36\/2021\/11\/Mikolaj-20-zl.--211x300.jpg\" alt=\"\" width=\"211\" height=\"300\" \/><\/p>\n<p><span style=\"color: #666699;font-size: 14pt\"><em>Zainteresowanych prosz\u0119 o kontakt z nauczycielkami grup.<\/em> <\/span><\/p>\n","protected":false},"excerpt":{"rendered":"<p>Szanowni Pa\u0144stwo,\u00a0 bie\u017c\u0105ca sytuacja zwi\u0105zana z COVID-19 budzi\u00a0 wiele r\u00f3\u017cnych w\u0105tpliwo\u015bci,\u00a0\u00a0 dlatego te\u017c \u00a0proponujemy zdj\u0119cia w \u00a0scenerii \u015bwi\u0105tecznej\u00a0 z miniatur\u0105 \u00a0Miko\u0142aja w r\u0119kach.\u00a0 Zainteresowanych prosz\u0119 o kontakt z nauczycielkami grup.<\/p>\n","protected":false},"author":115,"featured_media":478,"comment_status":"closed","ping_status":"closed","sticky":false,"template":"","format":"standard","meta":{"ngg_post_thumbnail":0,"footnotes":""},"categories":[3],"tags":[],"class_list":["post-5404","post","type-post","status-publish","format-standard","has-post-thumbnail","hentry","category-aktualnosci","clearfix"],"_links":{"self":[{"href":"https:\/\/przedszkole18.edu.wroclaw.pl\/index.php\/wp-json\/wp\/v2\/posts\/5404","targetHints":{"allow":["GET"]}}],"collection":[{"href":"https:\/\/przedszkole18.edu.wroclaw.pl\/index.php\/wp-json\/wp\/v2\/posts"}],"about":[{"href":"https:\/\/przedszkole18.edu.wroclaw.pl\/index.php\/wp-json\/wp\/v2\/types\/post"}],"author":[{"embeddable":true,"href":"https:\/\/przedszkole18.edu.wroclaw.pl\/index.php\/wp-json\/wp\/v2\/users\/115"}],"replies":[{"embeddable":true,"href":"https:\/\/przedszkole18.edu.wroclaw.pl\/index.php\/wp-json\/wp\/v2\/comments?post=5404"}],"version-history":[{"count":1,"href":"https:\/\/przedszkole18.edu.wroclaw.pl\/index.php\/wp-json\/wp\/v2\/posts\/5404\/revisions"}],"predecessor-version":[{"id":5405,"href":"https:\/\/przedszkole18.edu.wroclaw.pl\/index.php\/wp-json\/wp\/v2\/posts\/5404\/revisions\/5405"}],"wp:featuredmedia":[{"embeddable":true,"href":"https:\/\/przedszkole18.edu.wroclaw.pl\/index.php\/wp-json\/wp\/v2\/media\/478"}],"wp:attachment":[{"href":"https:\/\/przedszkole18.edu.wroclaw.pl\/index.php\/wp-json\/wp\/v2\/media?parent=5404"}],"wp:term":[{"taxonomy":"category","embeddable":true,"href":"https:\/\/przedszkole18.edu.wroclaw.pl\/index.php\/wp-json\/wp\/v2\/categories?post=5404"},{"taxonomy":"post_tag","embeddable":true,"href":"https:\/\/przedszkole18.edu.wroclaw.pl\/index.php\/wp-json\/wp\/v2\/tags?post=5404"}],"curies":[{"name":"wp","href":"https:\/\/api.w.org\/{rel}","templated":true}]}}