
{"id":5414,"date":"2021-12-03T00:00:55","date_gmt":"2021-12-02T23:00:55","guid":{"rendered":"https:\/\/przedszkole18.edu.wroclaw.pl\/?p=5414"},"modified":"2021-12-03T00:03:35","modified_gmt":"2021-12-02T23:03:35","slug":"pomoc-dla-lenki","status":"publish","type":"post","link":"https:\/\/przedszkole18.edu.wroclaw.pl\/index.php\/2021\/12\/03\/pomoc-dla-lenki\/","title":{"rendered":"Pomoc dla Lenki"},"content":{"rendered":"<p>Starszaki z &#8222;Wiolinka&#8221; \u015bpiewaj\u0105co w\u0142\u0105czy\u0142y si\u0119 w akcj\u0119 pomocy dla cierpi\u0105cej na nowotw\u00f3r z\u0142o\u015bliwy m\u00f3zgu Lenki Wojnar &#8211; m\u0142odszej kole\u017canki z jednego z wroc\u0142awskich przedszkoli. Zapraszamy Pa\u0144stwa do obejrzenia nagrania oraz gor\u0105co zach\u0119camy do udzia\u0142u i wsparcia akcji, a naszym przedszkolakom dzi\u0119kujemy za ten pi\u0119kny, wzruszaj\u0105cy gest.<\/p>\n<p>Szczeg\u00f3\u0142y znajdziecie Pa\u0144stwo pod linkiem: <a href=\"https:\/\/www.siepomaga.pl\/lenka-wojnar\">https:\/\/www.siepomaga.pl\/lenka-wojnar<\/a><\/p>\n<p><iframe loading=\"lazy\" title=\"Wiolinek \u015bpiewa dla Lenki!\" width=\"500\" height=\"281\" src=\"https:\/\/www.youtube.com\/embed\/GI0fFQqttAc?feature=oembed\" frameborder=\"0\" allow=\"accelerometer; autoplay; clipboard-write; encrypted-media; gyroscope; picture-in-picture; web-share\" referrerpolicy=\"strict-origin-when-cross-origin\" allowfullscreen><\/iframe><\/p>\n<p>&nbsp;<\/p>\n<p><span style=\"font-size: 10pt\">Piosenka &#8222;Mog\u0119 ju\u017c sam&#8221; powsta\u0142a i zosta\u0142a nagrana w Przedszkolu nr 18 &#8222;Wiolinek&#8221; we Wroc\u0142awiu w ramach projektu \u201eOpracowanie i upowszechnianie narz\u0119dzi diagnostycznych wspieraj\u0105cych pomoc psychologiczno-pedagogiczn\u0105 \u2013 obszar emocjonalno-spo\u0142eczny\u201d prowadzonego przez Interdyscyplinarne Centrum Bada\u0144 nad Rozwojem i Osobowo\u015bci\u0105 PERSONALITAS<\/span><\/p>\n<p>&nbsp;<\/p>\n","protected":false},"excerpt":{"rendered":"<p>Starszaki z &#8222;Wiolinka&#8221; \u015bpiewaj\u0105co w\u0142\u0105czy\u0142y si\u0119 w akcj\u0119 pomocy dla cierpi\u0105cej na nowotw\u00f3r z\u0142o\u015bliwy m\u00f3zgu Lenki Wojnar &#8211; m\u0142odszej kole\u017canki z jednego z wroc\u0142awskich przedszkoli. Zapraszamy Pa\u0144stwa do obejrzenia nagrania [&hellip;]<\/p>\n","protected":false},"author":105,"featured_media":0,"comment_status":"closed","ping_status":"closed","sticky":false,"template":"","format":"standard","meta":{"ngg_post_thumbnail":0,"footnotes":""},"categories":[3],"tags":[],"class_list":["post-5414","post","type-post","status-publish","format-standard","hentry","category-aktualnosci","clearfix"],"_links":{"self":[{"href":"https:\/\/przedszkole18.edu.wroclaw.pl\/index.php\/wp-json\/wp\/v2\/posts\/5414","targetHints":{"allow":["GET"]}}],"collection":[{"href":"https:\/\/przedszkole18.edu.wroclaw.pl\/index.php\/wp-json\/wp\/v2\/posts"}],"about":[{"href":"https:\/\/przedszkole18.edu.wroclaw.pl\/index.php\/wp-json\/wp\/v2\/types\/post"}],"author":[{"embeddable":true,"href":"https:\/\/przedszkole18.edu.wroclaw.pl\/index.php\/wp-json\/wp\/v2\/users\/105"}],"replies":[{"embeddable":true,"href":"https:\/\/przedszkole18.edu.wroclaw.pl\/index.php\/wp-json\/wp\/v2\/comments?post=5414"}],"version-history":[{"count":2,"href":"https:\/\/przedszkole18.edu.wroclaw.pl\/index.php\/wp-json\/wp\/v2\/posts\/5414\/revisions"}],"predecessor-version":[{"id":5416,"href":"https:\/\/przedszkole18.edu.wroclaw.pl\/index.php\/wp-json\/wp\/v2\/posts\/5414\/revisions\/5416"}],"wp:attachment":[{"href":"https:\/\/przedszkole18.edu.wroclaw.pl\/index.php\/wp-json\/wp\/v2\/media?parent=5414"}],"wp:term":[{"taxonomy":"category","embeddable":true,"href":"https:\/\/przedszkole18.edu.wroclaw.pl\/index.php\/wp-json\/wp\/v2\/categories?post=5414"},{"taxonomy":"post_tag","embeddable":true,"href":"https:\/\/przedszkole18.edu.wroclaw.pl\/index.php\/wp-json\/wp\/v2\/tags?post=5414"}],"curies":[{"name":"wp","href":"https:\/\/api.w.org\/{rel}","templated":true}]}}