
{"id":5483,"date":"2021-12-09T15:07:28","date_gmt":"2021-12-09T14:07:28","guid":{"rendered":"https:\/\/przedszkole18.edu.wroclaw.pl\/?p=5483"},"modified":"2021-12-09T15:07:28","modified_gmt":"2021-12-09T14:07:28","slug":"wazne-16","status":"publish","type":"post","link":"https:\/\/przedszkole18.edu.wroclaw.pl\/index.php\/2021\/12\/09\/wazne-16\/","title":{"rendered":"Wa\u017cne!"},"content":{"rendered":"<p><span style=\"font-size: 18pt;color: #ff0000\"><em><strong>Szanowni Pa\u0144stwo!<\/strong> <\/em><\/span><\/p>\n<p><span style=\"font-size: 14pt;color: #008000\"><em>W dniu wczorajszym otrzyma\u0142am informacj\u0119 od rodzic\u00f3w z grupy I o pojawieniu si\u0119 we w\u0142osach\u00a0 dzieci,\u00a0 <strong>wszy g\u0142owowej<\/strong>. <\/em><\/span><\/p>\n<p><span style=\"font-size: 14pt;color: #008000\"><em>Drodzy Pa\u0144stwo\u00a0 nie prosz\u0119,\u00a0 a wr\u0119cz zobowi\u0105zuj\u0119 Pa\u0144stwa,\u00a0 do sprawdzenia g\u0142\u00f3w dzieci\u00a0 i w sytuacji wyst\u0105pienia wspomnianego problemu,\u00a0 zatrzymanie dzieci w domu i zastosowaniu wszelkich dost\u0119pnych na rynku \u015brodk\u00f3w do walki z problemem.\u00a0<\/em><\/span><\/p>\n<p><span style=\"font-size: 14pt;color: #008000\"><em>Prosz\u0119 rodzic\u00f3w dzieci\u00a0 z innych grup o profilaktyczne podej\u015bcie do tematu, lepiej zapobiega\u0107 ni\u017c leczy\u0107.\u00a0 Prosz\u0119 potraktowa\u0107 spraw\u0119,\u00a0 jako piln\u0105 i powa\u017cn\u0105. <span style=\"color: #666699\">Pozdrawiam i \u017cycz\u0119 zdrowia. Dyrektor plac\u00f3wki Lidia Walczak-I\u017cycka <\/span><\/em><\/span><\/p>\n<p>&nbsp;<\/p>\n","protected":false},"excerpt":{"rendered":"<p>Szanowni Pa\u0144stwo! W dniu wczorajszym otrzyma\u0142am informacj\u0119 od rodzic\u00f3w z grupy I o pojawieniu si\u0119 we w\u0142osach\u00a0 dzieci,\u00a0 wszy g\u0142owowej. Drodzy Pa\u0144stwo\u00a0 nie prosz\u0119,\u00a0 a wr\u0119cz zobowi\u0105zuj\u0119 Pa\u0144stwa,\u00a0 do sprawdzenia [&hellip;]<\/p>\n","protected":false},"author":115,"featured_media":5422,"comment_status":"closed","ping_status":"closed","sticky":false,"template":"","format":"standard","meta":{"ngg_post_thumbnail":0,"footnotes":""},"categories":[3],"tags":[],"class_list":["post-5483","post","type-post","status-publish","format-standard","has-post-thumbnail","hentry","category-aktualnosci","clearfix"],"_links":{"self":[{"href":"https:\/\/przedszkole18.edu.wroclaw.pl\/index.php\/wp-json\/wp\/v2\/posts\/5483","targetHints":{"allow":["GET"]}}],"collection":[{"href":"https:\/\/przedszkole18.edu.wroclaw.pl\/index.php\/wp-json\/wp\/v2\/posts"}],"about":[{"href":"https:\/\/przedszkole18.edu.wroclaw.pl\/index.php\/wp-json\/wp\/v2\/types\/post"}],"author":[{"embeddable":true,"href":"https:\/\/przedszkole18.edu.wroclaw.pl\/index.php\/wp-json\/wp\/v2\/users\/115"}],"replies":[{"embeddable":true,"href":"https:\/\/przedszkole18.edu.wroclaw.pl\/index.php\/wp-json\/wp\/v2\/comments?post=5483"}],"version-history":[{"count":1,"href":"https:\/\/przedszkole18.edu.wroclaw.pl\/index.php\/wp-json\/wp\/v2\/posts\/5483\/revisions"}],"predecessor-version":[{"id":5484,"href":"https:\/\/przedszkole18.edu.wroclaw.pl\/index.php\/wp-json\/wp\/v2\/posts\/5483\/revisions\/5484"}],"wp:featuredmedia":[{"embeddable":true,"href":"https:\/\/przedszkole18.edu.wroclaw.pl\/index.php\/wp-json\/wp\/v2\/media\/5422"}],"wp:attachment":[{"href":"https:\/\/przedszkole18.edu.wroclaw.pl\/index.php\/wp-json\/wp\/v2\/media?parent=5483"}],"wp:term":[{"taxonomy":"category","embeddable":true,"href":"https:\/\/przedszkole18.edu.wroclaw.pl\/index.php\/wp-json\/wp\/v2\/categories?post=5483"},{"taxonomy":"post_tag","embeddable":true,"href":"https:\/\/przedszkole18.edu.wroclaw.pl\/index.php\/wp-json\/wp\/v2\/tags?post=5483"}],"curies":[{"name":"wp","href":"https:\/\/api.w.org\/{rel}","templated":true}]}}