
{"id":5589,"date":"2021-12-15T15:27:15","date_gmt":"2021-12-15T14:27:15","guid":{"rendered":"https:\/\/przedszkole18.edu.wroclaw.pl\/?p=5589"},"modified":"2021-12-15T15:27:15","modified_gmt":"2021-12-15T14:27:15","slug":"zdjecia-4","status":"publish","type":"post","link":"https:\/\/przedszkole18.edu.wroclaw.pl\/index.php\/2021\/12\/15\/zdjecia-4\/","title":{"rendered":"Zdj\u0119cia !"},"content":{"rendered":"<p><span style=\"color: #339966\"><em><strong>Szanowni Pa\u0144stwo! <\/strong><\/em><\/span><\/p>\n<p><span style=\"color: #339966\"><em><strong>W czwartek 16 grudnia w godzinach odbioru dzieci, b\u0119d\u0119 do odebrania zam\u00f3wione zdj\u0119ci z Miko\u0142aja i dodatkowe,\u00a0 zam\u00f3wione przez Pa\u0144stwa kalendarze. Prosz\u0119 o przygotowanie wyliczonej got\u00f3wki.\u00a0 <\/strong><\/em><\/span><span style=\"color: #666699\"><em><strong>Zdj\u0119cia z Miko\u0142aja 20 z\u0142.\u00a0\u00a0 <\/strong><\/em><\/span><span style=\"color: #666699\"><em><strong>Kalendarze 25 z\u0142.<\/strong> <\/em><\/span><\/p>\n<p><em><span style=\"color: #33cccc\">Pozdrawiam i \u017cycz\u0119 zdrowia.<\/span> <\/em><\/p>\n","protected":false},"excerpt":{"rendered":"<p>Szanowni Pa\u0144stwo! W czwartek 16 grudnia w godzinach odbioru dzieci, b\u0119d\u0119 do odebrania zam\u00f3wione zdj\u0119ci z Miko\u0142aja i dodatkowe,\u00a0 zam\u00f3wione przez Pa\u0144stwa kalendarze. Prosz\u0119 o przygotowanie wyliczonej got\u00f3wki.\u00a0 Zdj\u0119cia z [&hellip;]<\/p>\n","protected":false},"author":115,"featured_media":629,"comment_status":"closed","ping_status":"closed","sticky":false,"template":"","format":"standard","meta":{"ngg_post_thumbnail":0,"footnotes":""},"categories":[3],"tags":[],"class_list":["post-5589","post","type-post","status-publish","format-standard","has-post-thumbnail","hentry","category-aktualnosci","clearfix"],"_links":{"self":[{"href":"https:\/\/przedszkole18.edu.wroclaw.pl\/index.php\/wp-json\/wp\/v2\/posts\/5589","targetHints":{"allow":["GET"]}}],"collection":[{"href":"https:\/\/przedszkole18.edu.wroclaw.pl\/index.php\/wp-json\/wp\/v2\/posts"}],"about":[{"href":"https:\/\/przedszkole18.edu.wroclaw.pl\/index.php\/wp-json\/wp\/v2\/types\/post"}],"author":[{"embeddable":true,"href":"https:\/\/przedszkole18.edu.wroclaw.pl\/index.php\/wp-json\/wp\/v2\/users\/115"}],"replies":[{"embeddable":true,"href":"https:\/\/przedszkole18.edu.wroclaw.pl\/index.php\/wp-json\/wp\/v2\/comments?post=5589"}],"version-history":[{"count":1,"href":"https:\/\/przedszkole18.edu.wroclaw.pl\/index.php\/wp-json\/wp\/v2\/posts\/5589\/revisions"}],"predecessor-version":[{"id":5590,"href":"https:\/\/przedszkole18.edu.wroclaw.pl\/index.php\/wp-json\/wp\/v2\/posts\/5589\/revisions\/5590"}],"wp:featuredmedia":[{"embeddable":true,"href":"https:\/\/przedszkole18.edu.wroclaw.pl\/index.php\/wp-json\/wp\/v2\/media\/629"}],"wp:attachment":[{"href":"https:\/\/przedszkole18.edu.wroclaw.pl\/index.php\/wp-json\/wp\/v2\/media?parent=5589"}],"wp:term":[{"taxonomy":"category","embeddable":true,"href":"https:\/\/przedszkole18.edu.wroclaw.pl\/index.php\/wp-json\/wp\/v2\/categories?post=5589"},{"taxonomy":"post_tag","embeddable":true,"href":"https:\/\/przedszkole18.edu.wroclaw.pl\/index.php\/wp-json\/wp\/v2\/tags?post=5589"}],"curies":[{"name":"wp","href":"https:\/\/api.w.org\/{rel}","templated":true}]}}