
{"id":5689,"date":"2021-12-20T11:58:54","date_gmt":"2021-12-20T10:58:54","guid":{"rendered":"https:\/\/przedszkole18.edu.wroclaw.pl\/?p=5689"},"modified":"2021-12-20T11:58:54","modified_gmt":"2021-12-20T10:58:54","slug":"wazne-daty","status":"publish","type":"post","link":"https:\/\/przedszkole18.edu.wroclaw.pl\/index.php\/2021\/12\/20\/wazne-daty\/","title":{"rendered":"Wa\u017cne daty!"},"content":{"rendered":"<p><span style=\"font-size: 14pt;color: #800000\"><em><strong>Szanowni Pa\u0144stwo !<\/strong><\/em><\/span><\/p>\n<p><span style=\"color: #800080\"><em><strong><span style=\"font-size: 14pt\"><span style=\"color: #008000\">21 grudnia<\/span> \u00a0\u00a0 &#8222;Wiolinkowy obiad Wigilijny&#8221;\u00a0 prosimy o od\u015bwi\u0119tne stroje.<\/span><\/strong><\/em><\/span><\/p>\n<p><span style=\"color: #800080\"><em><strong><span style=\"font-size: 14pt\"><span style=\"color: #008000\">24 grudnia \/pi\u0105tek\/ <\/span>kr\u00f3tki dy\u017cur, wszyscy Pa\u0144stwo zg\u0142osili nieobecno\u015b\u0107 dzieci.<\/span><\/strong><\/em><\/span><\/p>\n<p><span style=\"color: #800080\"><em><strong><span style=\"font-size: 14pt\"><span style=\"color: #008000\">31 stycznia\/ Sylwester\/\u00a0<\/span> plac\u00f3wka pracuje w grupach \u0142\u0105czonych w\u00a0 godzinach 6.30-16.30\u00a0<\/span><\/strong><\/em><\/span><\/p>\n<p><span style=\"color: #808080\"><em><strong><span style=\"font-size: 14pt\">Pozdrawiam i \u017cycz\u0119 du\u017co zdrowia. Lidia Walczak-I\u017cycka\u00a0 \u00a0<\/span> <\/strong><\/em><\/span><\/p>\n","protected":false},"excerpt":{"rendered":"<p>Szanowni Pa\u0144stwo ! 21 grudnia \u00a0\u00a0 &#8222;Wiolinkowy obiad Wigilijny&#8221;\u00a0 prosimy o od\u015bwi\u0119tne stroje. 24 grudnia \/pi\u0105tek\/ kr\u00f3tki dy\u017cur, wszyscy Pa\u0144stwo zg\u0142osili nieobecno\u015b\u0107 dzieci. 31 stycznia\/ Sylwester\/\u00a0 plac\u00f3wka pracuje w grupach [&hellip;]<\/p>\n","protected":false},"author":115,"featured_media":5422,"comment_status":"closed","ping_status":"closed","sticky":false,"template":"","format":"standard","meta":{"ngg_post_thumbnail":0,"footnotes":""},"categories":[3],"tags":[],"class_list":["post-5689","post","type-post","status-publish","format-standard","has-post-thumbnail","hentry","category-aktualnosci","clearfix"],"_links":{"self":[{"href":"https:\/\/przedszkole18.edu.wroclaw.pl\/index.php\/wp-json\/wp\/v2\/posts\/5689","targetHints":{"allow":["GET"]}}],"collection":[{"href":"https:\/\/przedszkole18.edu.wroclaw.pl\/index.php\/wp-json\/wp\/v2\/posts"}],"about":[{"href":"https:\/\/przedszkole18.edu.wroclaw.pl\/index.php\/wp-json\/wp\/v2\/types\/post"}],"author":[{"embeddable":true,"href":"https:\/\/przedszkole18.edu.wroclaw.pl\/index.php\/wp-json\/wp\/v2\/users\/115"}],"replies":[{"embeddable":true,"href":"https:\/\/przedszkole18.edu.wroclaw.pl\/index.php\/wp-json\/wp\/v2\/comments?post=5689"}],"version-history":[{"count":1,"href":"https:\/\/przedszkole18.edu.wroclaw.pl\/index.php\/wp-json\/wp\/v2\/posts\/5689\/revisions"}],"predecessor-version":[{"id":5690,"href":"https:\/\/przedszkole18.edu.wroclaw.pl\/index.php\/wp-json\/wp\/v2\/posts\/5689\/revisions\/5690"}],"wp:featuredmedia":[{"embeddable":true,"href":"https:\/\/przedszkole18.edu.wroclaw.pl\/index.php\/wp-json\/wp\/v2\/media\/5422"}],"wp:attachment":[{"href":"https:\/\/przedszkole18.edu.wroclaw.pl\/index.php\/wp-json\/wp\/v2\/media?parent=5689"}],"wp:term":[{"taxonomy":"category","embeddable":true,"href":"https:\/\/przedszkole18.edu.wroclaw.pl\/index.php\/wp-json\/wp\/v2\/categories?post=5689"},{"taxonomy":"post_tag","embeddable":true,"href":"https:\/\/przedszkole18.edu.wroclaw.pl\/index.php\/wp-json\/wp\/v2\/tags?post=5689"}],"curies":[{"name":"wp","href":"https:\/\/api.w.org\/{rel}","templated":true}]}}