
{"id":5691,"date":"2021-12-21T15:28:16","date_gmt":"2021-12-21T14:28:16","guid":{"rendered":"https:\/\/przedszkole18.edu.wroclaw.pl\/?p=5691"},"modified":"2021-12-21T15:28:16","modified_gmt":"2021-12-21T14:28:16","slug":"czas-na-swieta","status":"publish","type":"post","link":"https:\/\/przedszkole18.edu.wroclaw.pl\/index.php\/2021\/12\/21\/czas-na-swieta\/","title":{"rendered":"Czas na \u015awi\u0119ta!"},"content":{"rendered":"<p style=\"text-align: center\"><span style=\"font-size: 24pt;color: #000080\"><em><strong>Kochani!<\/strong> <\/em><\/span><\/p>\n<p style=\"text-align: center\"><span style=\"font-size: 18pt;color: #3366ff\"><em><strong>\u00a0<span style=\"color: #ff0000\">Bo\u017ce Narodzenie,\u00a0 to \u015bwi\u0119ta szczeg\u00f3lnie ukochane przez wszystkich, cho\u0107 czasem zapominamy,\u00a0 co w ten \u015bwi\u0105teczny czas,\u00a0 jest najwa\u017cniejsze.<\/span><\/strong><\/em><\/span><\/p>\n<p style=\"text-align: center\"><span style=\"font-size: 18pt;color: #000080\"><em><strong> Dlatego te\u017c przesy\u0142aj\u0105c\u00a0 \u017cyczenia dzieciom, rodzicom i pracownikom jak\u017ce tradycyjne, \u017cycz\u0119 Wam\u00a0 zdrowia, rado\u015bci, zadowolenia, odpoczynku, rodzinnej zgody i wymarzonych prezent\u00f3w pod roz\u015bwietlon\u0105 choink\u0105.\u00a0<\/strong><\/em><\/span><\/p>\n<p style=\"text-align: center\"><span style=\"font-size: 18pt;color: #808000\"><em><strong>\u017bycz\u0119 tak\u017ce i pozostaj\u0119 z nadziej\u0105, \u017ce &#8222;Jutro&#8221; nie b\u0119dzie\u00a0 gorsze od &#8222;Dzisiaj,&#8221;<\/strong><\/em><\/span><\/p>\n<p style=\"text-align: center\"><span style=\"font-size: 18pt;color: #3366ff\"><em><strong><span style=\"color: #808000\"> \u017cycz\u0119 troski, zrozumienia, szacunku, wyrozumia\u0142o\u015bci, \u017cyczliwo\u015bci,\u00a0 pomocy,\u00a0 wszystkiego tego,\u00a0 co winno by\u0107 bliskie i godne prawdziwego cz\u0142owieka.<\/span> <\/strong><\/em><\/span><\/p>\n<p style=\"text-align: center\"><strong><em><span style=\"color: #666699\">Z wyrazami szacunku i wdzi\u0119czno\u015bci za wszelk\u0105 pomoc dyrektor plac\u00f3wki. Lidia Walczak-I\u017cycka<\/span> <\/em><\/strong><\/p>\n<p style=\"text-align: center\">\n","protected":false},"excerpt":{"rendered":"<p>Kochani! \u00a0Bo\u017ce Narodzenie,\u00a0 to \u015bwi\u0119ta szczeg\u00f3lnie ukochane przez wszystkich, cho\u0107 czasem zapominamy,\u00a0 co w ten \u015bwi\u0105teczny czas,\u00a0 jest najwa\u017cniejsze. Dlatego te\u017c przesy\u0142aj\u0105c\u00a0 \u017cyczenia dzieciom, rodzicom i pracownikom jak\u017ce tradycyjne, \u017cycz\u0119 [&hellip;]<\/p>\n","protected":false},"author":115,"featured_media":0,"comment_status":"closed","ping_status":"closed","sticky":false,"template":"","format":"standard","meta":{"ngg_post_thumbnail":0,"footnotes":""},"categories":[3],"tags":[],"class_list":["post-5691","post","type-post","status-publish","format-standard","hentry","category-aktualnosci","clearfix"],"_links":{"self":[{"href":"https:\/\/przedszkole18.edu.wroclaw.pl\/index.php\/wp-json\/wp\/v2\/posts\/5691","targetHints":{"allow":["GET"]}}],"collection":[{"href":"https:\/\/przedszkole18.edu.wroclaw.pl\/index.php\/wp-json\/wp\/v2\/posts"}],"about":[{"href":"https:\/\/przedszkole18.edu.wroclaw.pl\/index.php\/wp-json\/wp\/v2\/types\/post"}],"author":[{"embeddable":true,"href":"https:\/\/przedszkole18.edu.wroclaw.pl\/index.php\/wp-json\/wp\/v2\/users\/115"}],"replies":[{"embeddable":true,"href":"https:\/\/przedszkole18.edu.wroclaw.pl\/index.php\/wp-json\/wp\/v2\/comments?post=5691"}],"version-history":[{"count":1,"href":"https:\/\/przedszkole18.edu.wroclaw.pl\/index.php\/wp-json\/wp\/v2\/posts\/5691\/revisions"}],"predecessor-version":[{"id":5692,"href":"https:\/\/przedszkole18.edu.wroclaw.pl\/index.php\/wp-json\/wp\/v2\/posts\/5691\/revisions\/5692"}],"wp:attachment":[{"href":"https:\/\/przedszkole18.edu.wroclaw.pl\/index.php\/wp-json\/wp\/v2\/media?parent=5691"}],"wp:term":[{"taxonomy":"category","embeddable":true,"href":"https:\/\/przedszkole18.edu.wroclaw.pl\/index.php\/wp-json\/wp\/v2\/categories?post=5691"},{"taxonomy":"post_tag","embeddable":true,"href":"https:\/\/przedszkole18.edu.wroclaw.pl\/index.php\/wp-json\/wp\/v2\/tags?post=5691"}],"curies":[{"name":"wp","href":"https:\/\/api.w.org\/{rel}","templated":true}]}}