
{"id":5735,"date":"2021-12-30T08:47:27","date_gmt":"2021-12-30T07:47:27","guid":{"rendered":"https:\/\/przedszkole18.edu.wroclaw.pl\/?p=5735"},"modified":"2021-12-30T08:50:32","modified_gmt":"2021-12-30T07:50:32","slug":"kolczyk","status":"publish","type":"post","link":"https:\/\/przedszkole18.edu.wroclaw.pl\/index.php\/2021\/12\/30\/kolczyk\/","title":{"rendered":"KOLCZYK!"},"content":{"rendered":"<p><strong><span style=\"color: #ff0000;font-size: 18pt\">Podczas zabaw w ogrodzie przedszkolnym dzieci znalaz\u0142y kolczyk:<\/span><\/strong><\/p>\n<p><a href=\"https:\/\/przedszkole18.edu.wroclaw.pl\/wp-content\/uploads\/sites\/36\/2021\/12\/IMG_20211229_115208-scaled.jpg\"><img loading=\"lazy\" decoding=\"async\" class=\"alignnone wp-image-5730 \" src=\"https:\/\/przedszkole18.edu.wroclaw.pl\/wp-content\/uploads\/sites\/36\/2021\/12\/IMG_20211229_115208-768x1024.jpg\" alt=\"\" width=\"236\" height=\"315\" \/><\/a><\/p>\n<p><strong><span style=\"font-size: 18pt;color: #ff0000\">Zgub\u0119 mo\u017cna odebra\u0107 w kancelarii u Pani Dyrektor<\/span><\/strong><\/p>\n","protected":false},"excerpt":{"rendered":"<p>Podczas zabaw w ogrodzie przedszkolnym dzieci znalaz\u0142y kolczyk: Zgub\u0119 mo\u017cna odebra\u0107 w kancelarii u Pani Dyrektor<\/p>\n","protected":false},"author":108,"featured_media":5422,"comment_status":"closed","ping_status":"closed","sticky":false,"template":"","format":"standard","meta":{"ngg_post_thumbnail":0,"footnotes":""},"categories":[3],"tags":[],"class_list":["post-5735","post","type-post","status-publish","format-standard","has-post-thumbnail","hentry","category-aktualnosci","clearfix"],"_links":{"self":[{"href":"https:\/\/przedszkole18.edu.wroclaw.pl\/index.php\/wp-json\/wp\/v2\/posts\/5735","targetHints":{"allow":["GET"]}}],"collection":[{"href":"https:\/\/przedszkole18.edu.wroclaw.pl\/index.php\/wp-json\/wp\/v2\/posts"}],"about":[{"href":"https:\/\/przedszkole18.edu.wroclaw.pl\/index.php\/wp-json\/wp\/v2\/types\/post"}],"author":[{"embeddable":true,"href":"https:\/\/przedszkole18.edu.wroclaw.pl\/index.php\/wp-json\/wp\/v2\/users\/108"}],"replies":[{"embeddable":true,"href":"https:\/\/przedszkole18.edu.wroclaw.pl\/index.php\/wp-json\/wp\/v2\/comments?post=5735"}],"version-history":[{"count":3,"href":"https:\/\/przedszkole18.edu.wroclaw.pl\/index.php\/wp-json\/wp\/v2\/posts\/5735\/revisions"}],"predecessor-version":[{"id":5738,"href":"https:\/\/przedszkole18.edu.wroclaw.pl\/index.php\/wp-json\/wp\/v2\/posts\/5735\/revisions\/5738"}],"wp:featuredmedia":[{"embeddable":true,"href":"https:\/\/przedszkole18.edu.wroclaw.pl\/index.php\/wp-json\/wp\/v2\/media\/5422"}],"wp:attachment":[{"href":"https:\/\/przedszkole18.edu.wroclaw.pl\/index.php\/wp-json\/wp\/v2\/media?parent=5735"}],"wp:term":[{"taxonomy":"category","embeddable":true,"href":"https:\/\/przedszkole18.edu.wroclaw.pl\/index.php\/wp-json\/wp\/v2\/categories?post=5735"},{"taxonomy":"post_tag","embeddable":true,"href":"https:\/\/przedszkole18.edu.wroclaw.pl\/index.php\/wp-json\/wp\/v2\/tags?post=5735"}],"curies":[{"name":"wp","href":"https:\/\/api.w.org\/{rel}","templated":true}]}}