
{"id":5850,"date":"2022-01-16T11:21:07","date_gmt":"2022-01-16T10:21:07","guid":{"rendered":"https:\/\/przedszkole18.edu.wroclaw.pl\/?p=5850"},"modified":"2022-01-16T11:21:07","modified_gmt":"2022-01-16T10:21:07","slug":"informacja","status":"publish","type":"post","link":"https:\/\/przedszkole18.edu.wroclaw.pl\/index.php\/2022\/01\/16\/informacja\/","title":{"rendered":"Informacja"},"content":{"rendered":"<p><span style=\"color: #800000;font-size: 14pt\"><em><strong>Szanowni Pa\u0144stwo!\u00a0<\/strong><\/em><\/span><\/p>\n<p><span style=\"font-size: 14pt\"><strong><span style=\"color: #008000\"><em>Informuj\u0119, \u017ce do dnia 29 stycznia jestem nieobecna w plac\u00f3wce, wszystkie wa\u017cne sprawy prosz\u0119 kierowa\u0107 do nauczycielki grupy IV a,\u00a0 Pani Jolanty Gruchaj, kt\u00f3ra w czasie mojej nieobecno\u015bci jest osob\u0105 pe\u0142ni\u0105c\u0105 obowi\u0105zki. <\/em><\/span><\/strong><\/span><\/p>\n<p><span style=\"font-size: 14pt;color: #808000\"><em><strong>Osobami do kontaktu w sprawie odp\u0142atno\u015bci za przedszkole jest Pani Jolanta Stasiuk i Pani Ewa Kubiak. Przypominam, \u017ce zgodnie z podpisan\u0105 przez Pa\u0144stwa deklaracj\u0105, op\u0142ata za przedszkole winna widnie\u0107 na koncie plac\u00f3wki do 15 ka\u017cdego miesi\u0105ca.\u00a0<\/strong><\/em><\/span><\/p>\n<p><strong><span style=\"color: #808080\"><em>Pozdrawiam serdecznie i \u017cycz\u0119 du\u017co zdrowia.\u00a0 Lidia Walczak-I\u017cycka dyrektor plac\u00f3wki.<\/em><\/span><\/strong><\/p>\n","protected":false},"excerpt":{"rendered":"<p>Szanowni Pa\u0144stwo!\u00a0 Informuj\u0119, \u017ce do dnia 29 stycznia jestem nieobecna w plac\u00f3wce, wszystkie wa\u017cne sprawy prosz\u0119 kierowa\u0107 do nauczycielki grupy IV a,\u00a0 Pani Jolanty Gruchaj, kt\u00f3ra w czasie mojej nieobecno\u015bci [&hellip;]<\/p>\n","protected":false},"author":115,"featured_media":478,"comment_status":"closed","ping_status":"closed","sticky":false,"template":"","format":"standard","meta":{"ngg_post_thumbnail":0,"footnotes":""},"categories":[3],"tags":[],"class_list":["post-5850","post","type-post","status-publish","format-standard","has-post-thumbnail","hentry","category-aktualnosci","clearfix"],"_links":{"self":[{"href":"https:\/\/przedszkole18.edu.wroclaw.pl\/index.php\/wp-json\/wp\/v2\/posts\/5850","targetHints":{"allow":["GET"]}}],"collection":[{"href":"https:\/\/przedszkole18.edu.wroclaw.pl\/index.php\/wp-json\/wp\/v2\/posts"}],"about":[{"href":"https:\/\/przedszkole18.edu.wroclaw.pl\/index.php\/wp-json\/wp\/v2\/types\/post"}],"author":[{"embeddable":true,"href":"https:\/\/przedszkole18.edu.wroclaw.pl\/index.php\/wp-json\/wp\/v2\/users\/115"}],"replies":[{"embeddable":true,"href":"https:\/\/przedszkole18.edu.wroclaw.pl\/index.php\/wp-json\/wp\/v2\/comments?post=5850"}],"version-history":[{"count":1,"href":"https:\/\/przedszkole18.edu.wroclaw.pl\/index.php\/wp-json\/wp\/v2\/posts\/5850\/revisions"}],"predecessor-version":[{"id":5851,"href":"https:\/\/przedszkole18.edu.wroclaw.pl\/index.php\/wp-json\/wp\/v2\/posts\/5850\/revisions\/5851"}],"wp:featuredmedia":[{"embeddable":true,"href":"https:\/\/przedszkole18.edu.wroclaw.pl\/index.php\/wp-json\/wp\/v2\/media\/478"}],"wp:attachment":[{"href":"https:\/\/przedszkole18.edu.wroclaw.pl\/index.php\/wp-json\/wp\/v2\/media?parent=5850"}],"wp:term":[{"taxonomy":"category","embeddable":true,"href":"https:\/\/przedszkole18.edu.wroclaw.pl\/index.php\/wp-json\/wp\/v2\/categories?post=5850"},{"taxonomy":"post_tag","embeddable":true,"href":"https:\/\/przedszkole18.edu.wroclaw.pl\/index.php\/wp-json\/wp\/v2\/tags?post=5850"}],"curies":[{"name":"wp","href":"https:\/\/api.w.org\/{rel}","templated":true}]}}