
{"id":5860,"date":"2022-01-17T20:39:30","date_gmt":"2022-01-17T19:39:30","guid":{"rendered":"https:\/\/przedszkole18.edu.wroclaw.pl\/?p=5860"},"modified":"2022-01-17T20:40:11","modified_gmt":"2022-01-17T19:40:11","slug":"bal-karnawalowy","status":"publish","type":"post","link":"https:\/\/przedszkole18.edu.wroclaw.pl\/index.php\/2022\/01\/17\/bal-karnawalowy\/","title":{"rendered":"BAL KARNAWA\u0141OWY"},"content":{"rendered":"<p style=\"text-align: center\" align=\"center\"><span style=\"font-size: 24pt\"><strong><span style=\"color: red\">28 STYCZNIA (PI\u0104TEK) W GODZ. 9.00 \u2013 11.30\u00a0<\/span><\/strong> <\/span><\/p>\n<p style=\"text-align: center\" align=\"center\"><span style=\"color: #ff0000;font-size: 24pt\"><strong>ZAPRASZAMY WSZYSTKIE PRZEDSZKOLAKI NA <\/strong><\/span><\/p>\n<p style=\"text-align: center\" align=\"center\"><span style=\"color: #008000;font-size: 36pt\"><strong>BAL KARNAWA\u0141OWY<\/strong><\/span><\/p>\n<p>&nbsp;<\/p>\n<p><span style=\"color: #0000ff\"><strong><span style=\"font-size: 24pt\">ZE WZGL\u0118DU NA OBOWI\u0104ZUJ\u0104CY RE\u017bIM SANITARNY KA\u017bDA Z GRUP B\u0118DZIE MIA\u0141A ZORGANIZOWAN\u0104 ZABAW\u0118 W SWOJEJ SALI.<\/span><\/strong><\/span><\/p>\n<p><strong><span style=\"font-size: 24.0pt;color: green\">PROSIMY RODZIC\u00d3W O PRZYGOTOWANIE STROJ\u00d3W DLA SWOICH POCIECH, A TAK\u017bE, W MIAR\u0118 MO\u017bLIWO\u015aCI,\u00a0 BALON\u00d3W I SERPENTYNY DO DEKORACJI SAL.<\/span><\/strong><\/p>\n<p style=\"text-align: center\" align=\"center\"><strong><span style=\"font-size: 20.0pt;color: purple\">W trakcie zabawy karnawa\u0142owej, jak co roku,\u00a0 fotograf wykona dzieciom pami\u0105tkowe fotografie. O szczeg\u00f3\u0142ach dotycz\u0105cych zdj\u0119\u0107 zostan\u0105\u00a0 Pa\u0144stwo poinformowani w odr\u0119bnym komunikacie.<\/span><\/strong><\/p>\n<p align=\"center\"><a href=\"https:\/\/przedszkole18.edu.wroclaw.pl\/wp-content\/uploads\/sites\/36\/2022\/01\/bal-1.jpg\"><img loading=\"lazy\" decoding=\"async\" class=\"alignnone wp-image-5859 \" src=\"https:\/\/przedszkole18.edu.wroclaw.pl\/wp-content\/uploads\/sites\/36\/2022\/01\/bal-1.jpg\" alt=\"\" width=\"330\" height=\"183\" \/><\/a><\/p>\n","protected":false},"excerpt":{"rendered":"<p>28 STYCZNIA (PI\u0104TEK) W GODZ. 9.00 \u2013 11.30\u00a0 ZAPRASZAMY WSZYSTKIE PRZEDSZKOLAKI NA BAL KARNAWA\u0141OWY &nbsp; ZE WZGL\u0118DU NA OBOWI\u0104ZUJ\u0104CY RE\u017bIM SANITARNY KA\u017bDA Z GRUP B\u0118DZIE MIA\u0141A ZORGANIZOWAN\u0104 ZABAW\u0118 W SWOJEJ [&hellip;]<\/p>\n","protected":false},"author":108,"featured_media":5858,"comment_status":"closed","ping_status":"closed","sticky":false,"template":"","format":"standard","meta":{"ngg_post_thumbnail":0,"footnotes":""},"categories":[3,1],"tags":[],"class_list":["post-5860","post","type-post","status-publish","format-standard","has-post-thumbnail","hentry","category-aktualnosci","category-bez-kategorii","clearfix"],"_links":{"self":[{"href":"https:\/\/przedszkole18.edu.wroclaw.pl\/index.php\/wp-json\/wp\/v2\/posts\/5860","targetHints":{"allow":["GET"]}}],"collection":[{"href":"https:\/\/przedszkole18.edu.wroclaw.pl\/index.php\/wp-json\/wp\/v2\/posts"}],"about":[{"href":"https:\/\/przedszkole18.edu.wroclaw.pl\/index.php\/wp-json\/wp\/v2\/types\/post"}],"author":[{"embeddable":true,"href":"https:\/\/przedszkole18.edu.wroclaw.pl\/index.php\/wp-json\/wp\/v2\/users\/108"}],"replies":[{"embeddable":true,"href":"https:\/\/przedszkole18.edu.wroclaw.pl\/index.php\/wp-json\/wp\/v2\/comments?post=5860"}],"version-history":[{"count":1,"href":"https:\/\/przedszkole18.edu.wroclaw.pl\/index.php\/wp-json\/wp\/v2\/posts\/5860\/revisions"}],"predecessor-version":[{"id":5861,"href":"https:\/\/przedszkole18.edu.wroclaw.pl\/index.php\/wp-json\/wp\/v2\/posts\/5860\/revisions\/5861"}],"wp:featuredmedia":[{"embeddable":true,"href":"https:\/\/przedszkole18.edu.wroclaw.pl\/index.php\/wp-json\/wp\/v2\/media\/5858"}],"wp:attachment":[{"href":"https:\/\/przedszkole18.edu.wroclaw.pl\/index.php\/wp-json\/wp\/v2\/media?parent=5860"}],"wp:term":[{"taxonomy":"category","embeddable":true,"href":"https:\/\/przedszkole18.edu.wroclaw.pl\/index.php\/wp-json\/wp\/v2\/categories?post=5860"},{"taxonomy":"post_tag","embeddable":true,"href":"https:\/\/przedszkole18.edu.wroclaw.pl\/index.php\/wp-json\/wp\/v2\/tags?post=5860"}],"curies":[{"name":"wp","href":"https:\/\/api.w.org\/{rel}","templated":true}]}}