
{"id":5863,"date":"2022-01-20T18:04:58","date_gmt":"2022-01-20T17:04:58","guid":{"rendered":"https:\/\/przedszkole18.edu.wroclaw.pl\/?p=5863"},"modified":"2022-01-20T18:04:58","modified_gmt":"2022-01-20T17:04:58","slug":"zdjecia-5","status":"publish","type":"post","link":"https:\/\/przedszkole18.edu.wroclaw.pl\/index.php\/2022\/01\/20\/zdjecia-5\/","title":{"rendered":"ZDJ\u0118CIA"},"content":{"rendered":"<p style=\"text-align: center\"><span style=\"color: #0000ff\"><strong><span style=\"font-size: 24pt\">Szanowni Pa\u0144stwo<\/span><\/strong><\/span><\/p>\n<p><span style=\"color: #008000\"><strong><span style=\"font-size: 24pt\">W trakcie balu karnawa\u0142owego (28. 01) b\u0119dzie mo\u017cliwo\u015b\u0107 wykonania zdj\u0119\u0107.<\/span><\/strong><\/span><\/p>\n<p><span style=\"color: #008000\"><strong><span style=\"font-size: 24pt\">Cena kompletu (dwa zdj\u0119cia portretowe w r\u00f3\u017cnych perspektywach + zdj\u0119cie grupowe): 24 z\u0142<\/span><\/strong><\/span><\/p>\n<p><strong><span style=\"color: #ff0000;font-size: 18pt\">Rodzic\u00f3w, zainteresowanych wykonaniem dziecku zdj\u0119\u0107, prosimy o zg\u0142aszanie\u00a0 informacji nauczycielkom grup do 27. 01. 2022 r.<\/span><\/strong><\/p>\n<p>&nbsp;<\/p>\n<p><a href=\"https:\/\/przedszkole18.edu.wroclaw.pl\/wp-content\/uploads\/sites\/36\/2022\/01\/IMG_20220120_174305-scaled.jpg\"><img loading=\"lazy\" decoding=\"async\" class=\"wp-image-5862  aligncenter\" src=\"https:\/\/przedszkole18.edu.wroclaw.pl\/wp-content\/uploads\/sites\/36\/2022\/01\/IMG_20220120_174305-768x1024.jpg\" alt=\"\" width=\"289\" height=\"385\" \/><\/a><\/p>\n","protected":false},"excerpt":{"rendered":"<p>Szanowni Pa\u0144stwo W trakcie balu karnawa\u0142owego (28. 01) b\u0119dzie mo\u017cliwo\u015b\u0107 wykonania zdj\u0119\u0107. Cena kompletu (dwa zdj\u0119cia portretowe w r\u00f3\u017cnych perspektywach + zdj\u0119cie grupowe): 24 z\u0142 Rodzic\u00f3w, zainteresowanych wykonaniem dziecku zdj\u0119\u0107, [&hellip;]<\/p>\n","protected":false},"author":108,"featured_media":2565,"comment_status":"closed","ping_status":"closed","sticky":false,"template":"","format":"standard","meta":{"ngg_post_thumbnail":0,"footnotes":""},"categories":[3],"tags":[],"class_list":["post-5863","post","type-post","status-publish","format-standard","has-post-thumbnail","hentry","category-aktualnosci","clearfix"],"_links":{"self":[{"href":"https:\/\/przedszkole18.edu.wroclaw.pl\/index.php\/wp-json\/wp\/v2\/posts\/5863","targetHints":{"allow":["GET"]}}],"collection":[{"href":"https:\/\/przedszkole18.edu.wroclaw.pl\/index.php\/wp-json\/wp\/v2\/posts"}],"about":[{"href":"https:\/\/przedszkole18.edu.wroclaw.pl\/index.php\/wp-json\/wp\/v2\/types\/post"}],"author":[{"embeddable":true,"href":"https:\/\/przedszkole18.edu.wroclaw.pl\/index.php\/wp-json\/wp\/v2\/users\/108"}],"replies":[{"embeddable":true,"href":"https:\/\/przedszkole18.edu.wroclaw.pl\/index.php\/wp-json\/wp\/v2\/comments?post=5863"}],"version-history":[{"count":1,"href":"https:\/\/przedszkole18.edu.wroclaw.pl\/index.php\/wp-json\/wp\/v2\/posts\/5863\/revisions"}],"predecessor-version":[{"id":5866,"href":"https:\/\/przedszkole18.edu.wroclaw.pl\/index.php\/wp-json\/wp\/v2\/posts\/5863\/revisions\/5866"}],"wp:featuredmedia":[{"embeddable":true,"href":"https:\/\/przedszkole18.edu.wroclaw.pl\/index.php\/wp-json\/wp\/v2\/media\/2565"}],"wp:attachment":[{"href":"https:\/\/przedszkole18.edu.wroclaw.pl\/index.php\/wp-json\/wp\/v2\/media?parent=5863"}],"wp:term":[{"taxonomy":"category","embeddable":true,"href":"https:\/\/przedszkole18.edu.wroclaw.pl\/index.php\/wp-json\/wp\/v2\/categories?post=5863"},{"taxonomy":"post_tag","embeddable":true,"href":"https:\/\/przedszkole18.edu.wroclaw.pl\/index.php\/wp-json\/wp\/v2\/tags?post=5863"}],"curies":[{"name":"wp","href":"https:\/\/api.w.org\/{rel}","templated":true}]}}