
{"id":5931,"date":"2022-01-22T19:59:20","date_gmt":"2022-01-22T18:59:20","guid":{"rendered":"https:\/\/przedszkole18.edu.wroclaw.pl\/?p=5931"},"modified":"2022-01-22T19:59:20","modified_gmt":"2022-01-22T18:59:20","slug":"gora-grosza-2","status":"publish","type":"post","link":"https:\/\/przedszkole18.edu.wroclaw.pl\/index.php\/2022\/01\/22\/gora-grosza-2\/","title":{"rendered":"G\u00d3RA GROSZA"},"content":{"rendered":"<p><span style=\"font-size: 18pt;color: #ff0000\"><strong>Drogie Dzieci, Szanowni Rodzice<\/strong><\/span><\/p>\n<p><span style=\"color: #008000\"><strong><span style=\"font-size: 18pt\">Dzi\u0119kujemy za udzia\u0142 w og\u00f3lnopolskiej akcji &#8222;G\u00f3ra Grosza&#8221;. Pieni\u0105dze, kt\u00f3re zgromadzili\u015bmy, dzi\u0119ki Pa\u0144stwa pomocy,\u00a0 zostan\u0105 przekazane Towarzystwu &#8222;Nasz Dom&#8221; wspieraj\u0105cemu dzieci wychowuj\u0105ce si\u0119 poza w\u0142asn\u0105 rodzin\u0105.<\/span><\/strong><\/span><\/p>\n","protected":false},"excerpt":{"rendered":"<p>Drogie Dzieci, Szanowni Rodzice Dzi\u0119kujemy za udzia\u0142 w og\u00f3lnopolskiej akcji &#8222;G\u00f3ra Grosza&#8221;. Pieni\u0105dze, kt\u00f3re zgromadzili\u015bmy, dzi\u0119ki Pa\u0144stwa pomocy,\u00a0 zostan\u0105 przekazane Towarzystwu &#8222;Nasz Dom&#8221; wspieraj\u0105cemu dzieci wychowuj\u0105ce si\u0119 poza w\u0142asn\u0105 rodzin\u0105.<\/p>\n","protected":false},"author":108,"featured_media":0,"comment_status":"closed","ping_status":"closed","sticky":false,"template":"","format":"standard","meta":{"ngg_post_thumbnail":0,"footnotes":""},"categories":[3],"tags":[],"class_list":["post-5931","post","type-post","status-publish","format-standard","hentry","category-aktualnosci","clearfix"],"_links":{"self":[{"href":"https:\/\/przedszkole18.edu.wroclaw.pl\/index.php\/wp-json\/wp\/v2\/posts\/5931","targetHints":{"allow":["GET"]}}],"collection":[{"href":"https:\/\/przedszkole18.edu.wroclaw.pl\/index.php\/wp-json\/wp\/v2\/posts"}],"about":[{"href":"https:\/\/przedszkole18.edu.wroclaw.pl\/index.php\/wp-json\/wp\/v2\/types\/post"}],"author":[{"embeddable":true,"href":"https:\/\/przedszkole18.edu.wroclaw.pl\/index.php\/wp-json\/wp\/v2\/users\/108"}],"replies":[{"embeddable":true,"href":"https:\/\/przedszkole18.edu.wroclaw.pl\/index.php\/wp-json\/wp\/v2\/comments?post=5931"}],"version-history":[{"count":1,"href":"https:\/\/przedszkole18.edu.wroclaw.pl\/index.php\/wp-json\/wp\/v2\/posts\/5931\/revisions"}],"predecessor-version":[{"id":5932,"href":"https:\/\/przedszkole18.edu.wroclaw.pl\/index.php\/wp-json\/wp\/v2\/posts\/5931\/revisions\/5932"}],"wp:attachment":[{"href":"https:\/\/przedszkole18.edu.wroclaw.pl\/index.php\/wp-json\/wp\/v2\/media?parent=5931"}],"wp:term":[{"taxonomy":"category","embeddable":true,"href":"https:\/\/przedszkole18.edu.wroclaw.pl\/index.php\/wp-json\/wp\/v2\/categories?post=5931"},{"taxonomy":"post_tag","embeddable":true,"href":"https:\/\/przedszkole18.edu.wroclaw.pl\/index.php\/wp-json\/wp\/v2\/tags?post=5931"}],"curies":[{"name":"wp","href":"https:\/\/api.w.org\/{rel}","templated":true}]}}