
{"id":5971,"date":"2022-01-24T22:06:43","date_gmt":"2022-01-24T21:06:43","guid":{"rendered":"https:\/\/przedszkole18.edu.wroclaw.pl\/?p=5971"},"modified":"2022-01-24T22:06:43","modified_gmt":"2022-01-24T21:06:43","slug":"wazne-17","status":"publish","type":"post","link":"https:\/\/przedszkole18.edu.wroclaw.pl\/index.php\/2022\/01\/24\/wazne-17\/","title":{"rendered":"Wa\u017cne!!!"},"content":{"rendered":"<p><span style=\"color: #800000\"><strong><em><span style=\"font-size: 14pt\">Szanowni Pa\u0144stwo! <\/span><\/em><\/strong><\/span><\/p>\n<p><span style=\"font-size: 14pt;color: #008000\"><strong><em><span style=\"color: #0000ff\">Z uwagi na du\u017c\u0105 absencj\u0119 dzieci, zwi\u0105zan\u0105 z panuj\u0105c\u0105 sytuacj\u0105\u00a0 epidemiczn\u0105, odwo\u0142uj\u0119 zaplanowane na <span style=\"color: #800000\">28 stycznia bale karnawa\u0142owe<\/span> we wszystkich grupach przedszkolnych. O dalszych planach b\u0119d\u0119 Pa\u0144stwa informowa\u0107 na bie\u017c\u0105co. Na ten moment, bardzo prosz\u0119 wszystkich Pa\u0144stwa o szczeg\u00f3ln\u0105 dba\u0142o\u015b\u0107 o zdrowie.<\/span>\u00a0<\/em><\/strong><\/span><\/p>\n<p><span style=\"color: #666699\"><em>Pozdrawiam serdecznie i \u017cycz\u0119 du\u017co zdrowia. Lidia Walczak-I\u017cycka\u00a0<\/em><\/span><\/p>\n","protected":false},"excerpt":{"rendered":"<p>Szanowni Pa\u0144stwo! Z uwagi na du\u017c\u0105 absencj\u0119 dzieci, zwi\u0105zan\u0105 z panuj\u0105c\u0105 sytuacj\u0105\u00a0 epidemiczn\u0105, odwo\u0142uj\u0119 zaplanowane na 28 stycznia bale karnawa\u0142owe we wszystkich grupach przedszkolnych. O dalszych planach b\u0119d\u0119 Pa\u0144stwa informowa\u0107 [&hellip;]<\/p>\n","protected":false},"author":115,"featured_media":5858,"comment_status":"closed","ping_status":"closed","sticky":false,"template":"","format":"standard","meta":{"ngg_post_thumbnail":0,"footnotes":""},"categories":[3],"tags":[],"class_list":["post-5971","post","type-post","status-publish","format-standard","has-post-thumbnail","hentry","category-aktualnosci","clearfix"],"_links":{"self":[{"href":"https:\/\/przedszkole18.edu.wroclaw.pl\/index.php\/wp-json\/wp\/v2\/posts\/5971","targetHints":{"allow":["GET"]}}],"collection":[{"href":"https:\/\/przedszkole18.edu.wroclaw.pl\/index.php\/wp-json\/wp\/v2\/posts"}],"about":[{"href":"https:\/\/przedszkole18.edu.wroclaw.pl\/index.php\/wp-json\/wp\/v2\/types\/post"}],"author":[{"embeddable":true,"href":"https:\/\/przedszkole18.edu.wroclaw.pl\/index.php\/wp-json\/wp\/v2\/users\/115"}],"replies":[{"embeddable":true,"href":"https:\/\/przedszkole18.edu.wroclaw.pl\/index.php\/wp-json\/wp\/v2\/comments?post=5971"}],"version-history":[{"count":1,"href":"https:\/\/przedszkole18.edu.wroclaw.pl\/index.php\/wp-json\/wp\/v2\/posts\/5971\/revisions"}],"predecessor-version":[{"id":5972,"href":"https:\/\/przedszkole18.edu.wroclaw.pl\/index.php\/wp-json\/wp\/v2\/posts\/5971\/revisions\/5972"}],"wp:featuredmedia":[{"embeddable":true,"href":"https:\/\/przedszkole18.edu.wroclaw.pl\/index.php\/wp-json\/wp\/v2\/media\/5858"}],"wp:attachment":[{"href":"https:\/\/przedszkole18.edu.wroclaw.pl\/index.php\/wp-json\/wp\/v2\/media?parent=5971"}],"wp:term":[{"taxonomy":"category","embeddable":true,"href":"https:\/\/przedszkole18.edu.wroclaw.pl\/index.php\/wp-json\/wp\/v2\/categories?post=5971"},{"taxonomy":"post_tag","embeddable":true,"href":"https:\/\/przedszkole18.edu.wroclaw.pl\/index.php\/wp-json\/wp\/v2\/tags?post=5971"}],"curies":[{"name":"wp","href":"https:\/\/api.w.org\/{rel}","templated":true}]}}