
{"id":6042,"date":"2022-02-01T05:05:36","date_gmt":"2022-02-01T04:05:36","guid":{"rendered":"https:\/\/przedszkole18.edu.wroclaw.pl\/?p=6042"},"modified":"2022-02-03T16:25:33","modified_gmt":"2022-02-03T15:25:33","slug":"konkurs-plastyczny-3","status":"publish","type":"post","link":"https:\/\/przedszkole18.edu.wroclaw.pl\/index.php\/2022\/02\/01\/konkurs-plastyczny-3\/","title":{"rendered":"ROZWIJANIE ZAINTERESOWA\u0143 CZYTELNICZYCH &#8211; MOJA KOLOROWA ZAK\u0141ADKA"},"content":{"rendered":"<div class=\"entry-content\">\n<p style=\"text-align: center\" data-normal-size=\"18\"><span style=\"color: #0000ff;font-size: 18pt\"><strong>Szanowni Rodzice, Drogie Dzieci !<br \/>\n<\/strong><\/span><\/p>\n<p style=\"text-align: left\" data-normal-size=\"18\"><span style=\"color: #008000;font-size: 14pt\"><strong>\u00a0Jednym z kierunk\u00f3w naszych dzia\u0142a\u0144 jest promowanie\u00a0 czytelnictwa w\u015br\u00f3d naszych wychowank\u00f3w\u00a0 i rodzic\u00f3w,\u00a0 w\u0142a\u015bnie z tego powodu zapraszamy do udzia\u0142u w kolejnym konkursie, tym razem; \u00a0 <\/strong><\/span><\/p>\n<p style=\"text-align: center\" data-normal-size=\"18\"><span style=\"color: #0000ff;font-size: 24pt\"><strong><span style=\"color: #ff0000\">\u201eKOLOROWA\u00a0 ZAK\u0141ADKA DO KSI\u0104\u017bKI\u201d<\/span><\/strong><\/span><\/p>\n<p data-normal-size=\"18\"><a href=\"https:\/\/przedszkole18.edu.wroclaw.pl\/wp-content\/uploads\/sites\/36\/2022\/02\/zakl.png\"><img loading=\"lazy\" decoding=\"async\" class=\"size-medium wp-image-6041 aligncenter\" src=\"https:\/\/przedszkole18.edu.wroclaw.pl\/wp-content\/uploads\/sites\/36\/2022\/02\/zakl-300x210.png\" alt=\"\" width=\"300\" height=\"210\" \/><\/a><\/p>\n<p style=\"text-align: left\" data-normal-size=\"18\"><span style=\"color: #008000;font-size: 14pt\"><strong>W wolnym czasie wykonajcie, wsp\u00f3lnie z Rodzicami, zak\u0142adk\u0119 do swojej ulubionej ksi\u0105\u017cki &#8211;<br \/>\n<\/strong><\/span><\/p>\n<p style=\"text-align: left\" data-normal-size=\"18\"><span style=\"color: #008000;font-size: 14pt\"><strong>(technika i forma wykonania pracy jest dowolna i zale\u017cy tylko i wy\u0142\u0105cznie od Waszej wyobra\u017ani i pomys\u0142owo\u015bci)<\/strong><\/span><\/p>\n<p style=\"text-align: left\" data-normal-size=\"18\"><span style=\"color: #008000;font-size: 14pt\"><strong>Podpisane prace,\u00a0 prosimy dostarczy\u0107\u00a0 do nauczycielek grupy IV A do <span style=\"color: #ff0000\">11 lutego.<\/span><\/strong><\/span><\/p>\n<p style=\"text-align: left\" data-normal-size=\"18\"><span style=\"color: #008000;font-size: 14pt\"><strong>Na uczestnik\u00f3w konkursu czekaj\u0105 nagrody ksi\u0105\u017ckowe. <\/strong><\/span><br \/>\n<span style=\"color: #008000;font-size: 14pt\"><strong>Liczymy na zaanga\u017cowanie i pomys\u0142owo\u015b\u0107 podczas wsp\u00f3lnych rodzinnych\u00a0 zabaw. Pozdrawiamy serdecznie i \u017cyczymy du\u017co zdrowia.<br \/>\n<\/strong><\/span><\/p>\n<\/div>\n","protected":false},"excerpt":{"rendered":"<p>Szanowni Rodzice, Drogie Dzieci ! \u00a0Jednym z kierunk\u00f3w naszych dzia\u0142a\u0144 jest promowanie\u00a0 czytelnictwa w\u015br\u00f3d naszych wychowank\u00f3w\u00a0 i rodzic\u00f3w,\u00a0 w\u0142a\u015bnie z tego powodu zapraszamy do udzia\u0142u w kolejnym konkursie, tym razem; [&hellip;]<\/p>\n","protected":false},"author":108,"featured_media":680,"comment_status":"closed","ping_status":"closed","sticky":false,"template":"","format":"standard","meta":{"ngg_post_thumbnail":0,"footnotes":""},"categories":[3],"tags":[],"class_list":["post-6042","post","type-post","status-publish","format-standard","has-post-thumbnail","hentry","category-aktualnosci","clearfix"],"_links":{"self":[{"href":"https:\/\/przedszkole18.edu.wroclaw.pl\/index.php\/wp-json\/wp\/v2\/posts\/6042","targetHints":{"allow":["GET"]}}],"collection":[{"href":"https:\/\/przedszkole18.edu.wroclaw.pl\/index.php\/wp-json\/wp\/v2\/posts"}],"about":[{"href":"https:\/\/przedszkole18.edu.wroclaw.pl\/index.php\/wp-json\/wp\/v2\/types\/post"}],"author":[{"embeddable":true,"href":"https:\/\/przedszkole18.edu.wroclaw.pl\/index.php\/wp-json\/wp\/v2\/users\/108"}],"replies":[{"embeddable":true,"href":"https:\/\/przedszkole18.edu.wroclaw.pl\/index.php\/wp-json\/wp\/v2\/comments?post=6042"}],"version-history":[{"count":5,"href":"https:\/\/przedszkole18.edu.wroclaw.pl\/index.php\/wp-json\/wp\/v2\/posts\/6042\/revisions"}],"predecessor-version":[{"id":6057,"href":"https:\/\/przedszkole18.edu.wroclaw.pl\/index.php\/wp-json\/wp\/v2\/posts\/6042\/revisions\/6057"}],"wp:featuredmedia":[{"embeddable":true,"href":"https:\/\/przedszkole18.edu.wroclaw.pl\/index.php\/wp-json\/wp\/v2\/media\/680"}],"wp:attachment":[{"href":"https:\/\/przedszkole18.edu.wroclaw.pl\/index.php\/wp-json\/wp\/v2\/media?parent=6042"}],"wp:term":[{"taxonomy":"category","embeddable":true,"href":"https:\/\/przedszkole18.edu.wroclaw.pl\/index.php\/wp-json\/wp\/v2\/categories?post=6042"},{"taxonomy":"post_tag","embeddable":true,"href":"https:\/\/przedszkole18.edu.wroclaw.pl\/index.php\/wp-json\/wp\/v2\/tags?post=6042"}],"curies":[{"name":"wp","href":"https:\/\/api.w.org\/{rel}","templated":true}]}}