
{"id":6048,"date":"2022-02-01T13:27:46","date_gmt":"2022-02-01T12:27:46","guid":{"rendered":"https:\/\/przedszkole18.edu.wroclaw.pl\/?p=6048"},"modified":"2022-02-01T13:27:46","modified_gmt":"2022-02-01T12:27:46","slug":"drodzy-rodzice-6","status":"publish","type":"post","link":"https:\/\/przedszkole18.edu.wroclaw.pl\/index.php\/2022\/02\/01\/drodzy-rodzice-6\/","title":{"rendered":"Drodzy rodzice !"},"content":{"rendered":"<p><span style=\"color: #666699\"><strong><em><span style=\"font-size: 14pt\">Drodzy Pa\u0144stwo,\u00a0 w obecnej chwili jak wiele instytucji,\u00a0 borykamy si\u0119 z problemem ci\u0105g\u0142ych zachorowa\u0144, zar\u00f3wno w\u015br\u00f3d dzieci jak i pracownik\u00f3w. Dlatego te\u017c bardzo dzi\u0119kuj\u0119, za Wasz\u0105 czujno\u015b\u0107 , kt\u00f3ra pozwala nam funkcjonowa\u0107 w du\u017co\u00a0 mniejszym, ale zdrowym \u015brodowisku. <\/span><\/em><\/strong><\/span><\/p>\n<p><span style=\"color: #666699\"><strong><em><span style=\"font-size: 14pt\">Bardzo\u00a0 prosz\u0119\u00a0 i przypominam o przestrzeganie wszystkich przepis\u00f3w zwi\u0105zanych\u00a0 z bezpiecznym funkcjonowaniem plac\u00f3wki \/dystans, dezynfekcja,maseczka\/\u00a0 pami\u0119tajcie Pa\u0144stwo, zdrowie w du\u017cej mierze zale\u017cy od tego, jak o nie dbamy.\u00a0<\/span><\/em><\/strong><\/span><\/p>\n<p><span style=\"color: #808080;font-size: 12pt\"><strong><em>Pozdrawiam ciep\u0142o i \u017cycz\u0119 du\u017co zdrowia. Dyrektor plac\u00f3wki Lidia Walczak-I\u017cycka.<\/em><\/strong><\/span><\/p>\n","protected":false},"excerpt":{"rendered":"<p>Drodzy Pa\u0144stwo,\u00a0 w obecnej chwili jak wiele instytucji,\u00a0 borykamy si\u0119 z problemem ci\u0105g\u0142ych zachorowa\u0144, zar\u00f3wno w\u015br\u00f3d dzieci jak i pracownik\u00f3w. Dlatego te\u017c bardzo dzi\u0119kuj\u0119, za Wasz\u0105 czujno\u015b\u0107 , kt\u00f3ra pozwala [&hellip;]<\/p>\n","protected":false},"author":115,"featured_media":0,"comment_status":"closed","ping_status":"closed","sticky":false,"template":"","format":"standard","meta":{"ngg_post_thumbnail":0,"footnotes":""},"categories":[3],"tags":[],"class_list":["post-6048","post","type-post","status-publish","format-standard","hentry","category-aktualnosci","clearfix"],"_links":{"self":[{"href":"https:\/\/przedszkole18.edu.wroclaw.pl\/index.php\/wp-json\/wp\/v2\/posts\/6048","targetHints":{"allow":["GET"]}}],"collection":[{"href":"https:\/\/przedszkole18.edu.wroclaw.pl\/index.php\/wp-json\/wp\/v2\/posts"}],"about":[{"href":"https:\/\/przedszkole18.edu.wroclaw.pl\/index.php\/wp-json\/wp\/v2\/types\/post"}],"author":[{"embeddable":true,"href":"https:\/\/przedszkole18.edu.wroclaw.pl\/index.php\/wp-json\/wp\/v2\/users\/115"}],"replies":[{"embeddable":true,"href":"https:\/\/przedszkole18.edu.wroclaw.pl\/index.php\/wp-json\/wp\/v2\/comments?post=6048"}],"version-history":[{"count":1,"href":"https:\/\/przedszkole18.edu.wroclaw.pl\/index.php\/wp-json\/wp\/v2\/posts\/6048\/revisions"}],"predecessor-version":[{"id":6049,"href":"https:\/\/przedszkole18.edu.wroclaw.pl\/index.php\/wp-json\/wp\/v2\/posts\/6048\/revisions\/6049"}],"wp:attachment":[{"href":"https:\/\/przedszkole18.edu.wroclaw.pl\/index.php\/wp-json\/wp\/v2\/media?parent=6048"}],"wp:term":[{"taxonomy":"category","embeddable":true,"href":"https:\/\/przedszkole18.edu.wroclaw.pl\/index.php\/wp-json\/wp\/v2\/categories?post=6048"},{"taxonomy":"post_tag","embeddable":true,"href":"https:\/\/przedszkole18.edu.wroclaw.pl\/index.php\/wp-json\/wp\/v2\/tags?post=6048"}],"curies":[{"name":"wp","href":"https:\/\/api.w.org\/{rel}","templated":true}]}}