
{"id":6074,"date":"2022-02-04T15:30:24","date_gmt":"2022-02-04T14:30:24","guid":{"rendered":"https:\/\/przedszkole18.edu.wroclaw.pl\/?p=6074"},"modified":"2022-02-23T20:39:34","modified_gmt":"2022-02-23T19:39:34","slug":"6074","status":"publish","type":"post","link":"https:\/\/przedszkole18.edu.wroclaw.pl\/index.php\/2022\/02\/04\/6074\/","title":{"rendered":"Drodzy rodzice!"},"content":{"rendered":"<p><span style=\"color: #000000;font-family: times new roman, times, serif\"><span style=\"font-size: 14pt\">W bie\u017c\u0105cym\u00a0 tygodniu,\u00a0 obserwujemy du\u017cy spadek obecnych w przedszkolu dzieci, dotkn\u0119\u0142o to wszystkich grup.\u00a0 Mam nadziej\u0119, \u017ce nie wynika to z du\u017cej ilo\u015bci chorych dzieci, bo takie informacje nie s\u0105 mi przekazywane, a raczej z Pa\u0144stwa wyjazd\u00f3w, czy te\u017c wykorzystania zaleg\u0142ych\u00a0 urlop\u00f3w w sezonie zimowym.<\/span> <\/span><\/p>\n<p><span style=\"color: #000000;font-family: times new roman, times, serif\"><span style=\"font-size: 14pt\">Du\u017ca absencja dzieci nie pozwoli\u0142a nam w tym roku,\u00a0 na zorganizowanie naszych cyklicznych, przedszkolnych\u00a0 wydarze\u0144, nawet forma nagrywanych imprez, nie by\u0142a mo\u017cliwa do zrealizowania\u00a0 z uwagi na du\u017c\u0105 rotacj\u0119 dzieci. Dlatego te\u017c nie uda\u0142o si\u0119 nagra\u0107 i zaprezentowa\u0107 Pa\u0144stwu\u00a0 naszego\u00a0 Noworocznego Koncertu Kol\u0119d.<\/span><\/span><\/p>\n<p><span style=\"color: #000000;font-family: times new roman, times, serif\"> Z<span style=\"font-size: 14pt\">abawy karnawa\u0142owe w grupach zosta\u0142y odwo\u0142ane i my\u015bl\u0119, \u017ce w tym roku ju\u017c ich nie zorganizujemy, nawet grupowe zabawy nie maj\u0105 racji bytu, je\u017celi w grupie jest 3 czy te\u017c 7 dzieci.\u00a0<\/span> <\/span><\/p>\n<p><span style=\"color: #000000;font-family: times new roman, times, serif\"><span style=\"font-size: 14pt\">Prosz\u0119 Pa\u0144stwa! Troch\u0119 smutno, troch\u0119 dziwnie i troch\u0119 strasznie, ale mam nadziej\u0119, na lepszy czas. \u017bycz\u0119 tego Pa\u0144stwu,\u00a0 oczywi\u015bcie dzieciom i wszystkim pracownikom przedszkola. Du\u017co zdrowia, dbajmy o nie.<\/span><\/span><\/p>\n<p><span style=\"color: #000000;font-size: 14pt\"><span style=\"font-family: times new roman, times, serif\"> Pozdrawiam i pozostaj\u0119 do dyspozycji. Dyrektor plac\u00f3wki Lidia Walczak-I\u017cycka<\/span> <\/span><\/p>\n","protected":false},"excerpt":{"rendered":"<p>W bie\u017c\u0105cym\u00a0 tygodniu,\u00a0 obserwujemy du\u017cy spadek obecnych w przedszkolu dzieci, dotkn\u0119\u0142o to wszystkich grup.\u00a0 Mam nadziej\u0119, \u017ce nie wynika to z du\u017cej ilo\u015bci chorych dzieci, bo takie informacje nie s\u0105 [&hellip;]<\/p>\n","protected":false},"author":115,"featured_media":6067,"comment_status":"closed","ping_status":"closed","sticky":false,"template":"","format":"standard","meta":{"ngg_post_thumbnail":0,"footnotes":""},"categories":[3],"tags":[],"class_list":["post-6074","post","type-post","status-publish","format-standard","has-post-thumbnail","hentry","category-aktualnosci","clearfix"],"_links":{"self":[{"href":"https:\/\/przedszkole18.edu.wroclaw.pl\/index.php\/wp-json\/wp\/v2\/posts\/6074","targetHints":{"allow":["GET"]}}],"collection":[{"href":"https:\/\/przedszkole18.edu.wroclaw.pl\/index.php\/wp-json\/wp\/v2\/posts"}],"about":[{"href":"https:\/\/przedszkole18.edu.wroclaw.pl\/index.php\/wp-json\/wp\/v2\/types\/post"}],"author":[{"embeddable":true,"href":"https:\/\/przedszkole18.edu.wroclaw.pl\/index.php\/wp-json\/wp\/v2\/users\/115"}],"replies":[{"embeddable":true,"href":"https:\/\/przedszkole18.edu.wroclaw.pl\/index.php\/wp-json\/wp\/v2\/comments?post=6074"}],"version-history":[{"count":4,"href":"https:\/\/przedszkole18.edu.wroclaw.pl\/index.php\/wp-json\/wp\/v2\/posts\/6074\/revisions"}],"predecessor-version":[{"id":6191,"href":"https:\/\/przedszkole18.edu.wroclaw.pl\/index.php\/wp-json\/wp\/v2\/posts\/6074\/revisions\/6191"}],"wp:featuredmedia":[{"embeddable":true,"href":"https:\/\/przedszkole18.edu.wroclaw.pl\/index.php\/wp-json\/wp\/v2\/media\/6067"}],"wp:attachment":[{"href":"https:\/\/przedszkole18.edu.wroclaw.pl\/index.php\/wp-json\/wp\/v2\/media?parent=6074"}],"wp:term":[{"taxonomy":"category","embeddable":true,"href":"https:\/\/przedszkole18.edu.wroclaw.pl\/index.php\/wp-json\/wp\/v2\/categories?post=6074"},{"taxonomy":"post_tag","embeddable":true,"href":"https:\/\/przedszkole18.edu.wroclaw.pl\/index.php\/wp-json\/wp\/v2\/tags?post=6074"}],"curies":[{"name":"wp","href":"https:\/\/api.w.org\/{rel}","templated":true}]}}