
{"id":6144,"date":"2022-02-17T12:37:17","date_gmt":"2022-02-17T11:37:17","guid":{"rendered":"https:\/\/przedszkole18.edu.wroclaw.pl\/?p=6144"},"modified":"2022-02-17T14:23:38","modified_gmt":"2022-02-17T13:23:38","slug":"kilka-slow-o-zakonczonym-konkursie-kolorowa-zakladka","status":"publish","type":"post","link":"https:\/\/przedszkole18.edu.wroclaw.pl\/index.php\/2022\/02\/17\/kilka-slow-o-zakonczonym-konkursie-kolorowa-zakladka\/","title":{"rendered":"Kilka s\u0142\u00f3w o zako\u0144czonym konkursie &#8222;Kolorowa zak\u0142adka&#8221;"},"content":{"rendered":"<p style=\"text-align: center\"><span style=\"color: #800000;font-size: 18pt\"><em><strong>Kochane dzieci, drodzy rodzice!<\/strong><\/em><\/span><\/p>\n<p><span style=\"font-size: 14pt;color: #008000\"><em>W dniu wczorajszym wr\u0119czyli\u015bmy\u00a0 nagrody i dyplomy\u00a0 konkursowe. Spo\u015br\u00f3d wszystkich prezentowanych prac wybrano 3 prace, kt\u00f3re zdaniem Jury konkursowego, by\u0142y najbardziej pomys\u0142owe,\u00a0 pracoch\u0142onne, ciekawe.\u00a0<\/em> <\/span><\/p>\n<p style=\"text-align: center\"><span style=\"font-size: 14pt;color: #800000\"><em> I miejsce dla Emilki G. grupa I\u00a0 &#8222;Moje pierwsze bajki o przyja\u017ani&#8221;\u00a0 z serii Disney<\/em><\/span><\/p>\n<p style=\"text-align: center\"><span style=\"font-size: 14pt;color: #800000\"><em>II miejsce dla Mateusza T. grupa III a \u00a0 &#8222;Wielka ksi\u0119ga przyrody&#8221; z serii bawi\u0119 si\u0119 i ucz\u0119 <\/em><\/span><\/p>\n<p style=\"text-align: center\"><span style=\"font-size: 14pt;color: #800000\"><em>III miejsce dla Amelki Ch. grupa\u00a0 IV a\u00a0 'Wielka ksi\u0119ga przedszkolaka&#8221; z serii bawi\u0119 si\u0119 i ucz\u0119<\/em><\/span><\/p>\n<p style=\"text-align: center\"><span style=\"font-size: 14pt;color: #008080\"><em>Jednak,\u00a0 doceniaj\u0105c zaanga\u017cowanie wszystkich uczestnik\u00f3w,\u00a0 jednoznacznie orzekli\u015bmy, \u017ce wszystkim nale\u017c\u0105 si\u0119\u00a0 zar\u00f3wno dyplomy jak ksi\u0105\u017ceczki, kt\u00f3re umil\u0105 dzieciom wolny czas i rozbudz\u0105 ciekawo\u015b\u0107 \u015bwiatem literatury.<\/em> <\/span><\/p>\n<p><a href=\"https:\/\/przedszkole18.edu.wroclaw.pl\/wp-content\/uploads\/sites\/36\/2022\/02\/IMG_20220216_104838-scaled.jpg\"><img loading=\"lazy\" decoding=\"async\" class=\"aligncenter wp-image-6146 \" src=\"https:\/\/przedszkole18.edu.wroclaw.pl\/wp-content\/uploads\/sites\/36\/2022\/02\/IMG_20220216_104838-1024x768.jpg\" alt=\"Nagrody za udzia\u0142 w konkursie &quot;Moja kolorowa zak\u0142adka&quot;\" width=\"506\" height=\"379\" srcset=\"https:\/\/przedszkole18.edu.wroclaw.pl\/wp-content\/uploads\/sites\/36\/2022\/02\/IMG_20220216_104838-1024x768.jpg 1024w, https:\/\/przedszkole18.edu.wroclaw.pl\/wp-content\/uploads\/sites\/36\/2022\/02\/IMG_20220216_104838-300x225.jpg 300w, https:\/\/przedszkole18.edu.wroclaw.pl\/wp-content\/uploads\/sites\/36\/2022\/02\/IMG_20220216_104838-768x576.jpg 768w, https:\/\/przedszkole18.edu.wroclaw.pl\/wp-content\/uploads\/sites\/36\/2022\/02\/IMG_20220216_104838-600x450.jpg 600w, https:\/\/przedszkole18.edu.wroclaw.pl\/wp-content\/uploads\/sites\/36\/2022\/02\/IMG_20220216_104838-1536x1152.jpg 1536w, https:\/\/przedszkole18.edu.wroclaw.pl\/wp-content\/uploads\/sites\/36\/2022\/02\/IMG_20220216_104838-2048x1536.jpg 2048w\" sizes=\"auto, (max-width: 506px) 100vw, 506px\" \/><\/a><\/p>\n<p><img loading=\"lazy\" decoding=\"async\" class=\"size-medium wp-image-6041 aligncenter\" src=\"https:\/\/przedszkole18.edu.wroclaw.pl\/wp-content\/uploads\/sites\/36\/2022\/02\/zakl-300x210.png\" alt=\"Prace konkursowe dzieci\" width=\"300\" height=\"210\" \/><img loading=\"lazy\" decoding=\"async\" class=\"aligncenter wp-image-6140 \" src=\"https:\/\/przedszkole18.edu.wroclaw.pl\/wp-content\/uploads\/sites\/36\/2022\/02\/IMG_20220214_121228-1024x768.jpg\" alt=\"Prace konkursowe wychowank\u00f3w\" width=\"495\" height=\"371\" \/><\/p>\n","protected":false},"excerpt":{"rendered":"<p>Kochane dzieci, drodzy rodzice! W dniu wczorajszym wr\u0119czyli\u015bmy\u00a0 nagrody i dyplomy\u00a0 konkursowe. Spo\u015br\u00f3d wszystkich prezentowanych prac wybrano 3 prace, kt\u00f3re zdaniem Jury konkursowego, by\u0142y najbardziej pomys\u0142owe,\u00a0 pracoch\u0142onne, ciekawe.\u00a0 I miejsce [&hellip;]<\/p>\n","protected":false},"author":115,"featured_media":0,"comment_status":"closed","ping_status":"closed","sticky":false,"template":"","format":"standard","meta":{"ngg_post_thumbnail":0,"footnotes":""},"categories":[3],"tags":[],"class_list":["post-6144","post","type-post","status-publish","format-standard","hentry","category-aktualnosci","clearfix"],"_links":{"self":[{"href":"https:\/\/przedszkole18.edu.wroclaw.pl\/index.php\/wp-json\/wp\/v2\/posts\/6144","targetHints":{"allow":["GET"]}}],"collection":[{"href":"https:\/\/przedszkole18.edu.wroclaw.pl\/index.php\/wp-json\/wp\/v2\/posts"}],"about":[{"href":"https:\/\/przedszkole18.edu.wroclaw.pl\/index.php\/wp-json\/wp\/v2\/types\/post"}],"author":[{"embeddable":true,"href":"https:\/\/przedszkole18.edu.wroclaw.pl\/index.php\/wp-json\/wp\/v2\/users\/115"}],"replies":[{"embeddable":true,"href":"https:\/\/przedszkole18.edu.wroclaw.pl\/index.php\/wp-json\/wp\/v2\/comments?post=6144"}],"version-history":[{"count":3,"href":"https:\/\/przedszkole18.edu.wroclaw.pl\/index.php\/wp-json\/wp\/v2\/posts\/6144\/revisions"}],"predecessor-version":[{"id":6148,"href":"https:\/\/przedszkole18.edu.wroclaw.pl\/index.php\/wp-json\/wp\/v2\/posts\/6144\/revisions\/6148"}],"wp:attachment":[{"href":"https:\/\/przedszkole18.edu.wroclaw.pl\/index.php\/wp-json\/wp\/v2\/media?parent=6144"}],"wp:term":[{"taxonomy":"category","embeddable":true,"href":"https:\/\/przedszkole18.edu.wroclaw.pl\/index.php\/wp-json\/wp\/v2\/categories?post=6144"},{"taxonomy":"post_tag","embeddable":true,"href":"https:\/\/przedszkole18.edu.wroclaw.pl\/index.php\/wp-json\/wp\/v2\/tags?post=6144"}],"curies":[{"name":"wp","href":"https:\/\/api.w.org\/{rel}","templated":true}]}}