
{"id":6169,"date":"2022-02-21T11:17:19","date_gmt":"2022-02-21T10:17:19","guid":{"rendered":"https:\/\/przedszkole18.edu.wroclaw.pl\/?p=6169"},"modified":"2022-02-23T19:31:48","modified_gmt":"2022-02-23T18:31:48","slug":"dzien-jezyka-ojczystego-2","status":"publish","type":"post","link":"https:\/\/przedszkole18.edu.wroclaw.pl\/index.php\/2022\/02\/21\/dzien-jezyka-ojczystego-2\/","title":{"rendered":"21 Luty Mi\u0119dzynarodowy  Dzie\u0144 J\u0119zyka Ojczystego"},"content":{"rendered":"<p><span style=\"font-size: 14pt\"><strong><span style=\"color: #000000;font-family: times new roman, times, serif\">Szanowni Rodzice. Z okazji obchod\u00f3w Mi\u0119dzynarodowego Dnia J\u0119zyka Ojczystego, serdecznie zapraszamy do udzia\u0142u w konkursie literackim. Tym razem macie Pa\u0144stwo okazj\u0119,\u00a0 w trakcie \u015bwietnej zabawy, rozwija\u0107 kompetencje komunikacyjne Waszej Pociechy.<\/span><\/strong><\/span><\/p>\n<p><span style=\"font-size: 14pt\"><strong><span style=\"color: #000000;font-family: times new roman, times, serif\"> Co nale\u017cy zrobi\u0107? Nale\u017cy, wraz z dzieckiem napisa\u0107 kr\u00f3tki wierszyk &#8211; rymowank\u0119, zawieraj\u0105c\u0105 s\u0142owa: &#8221; moje miasto, Wroc\u0142aw, moja Ojczyzna&#8221;. Gotowe prace nale\u017cy zamie\u015bci\u0107 na tablicy w kszta\u0142cie serca, znajduj\u0105cej si\u0119 na werandzie. W\u015br\u00f3d utwor\u00f3w zostan\u0105 wybrane i nagrodzone najciekawsze.<\/span><\/strong><\/span><\/p>\n<p><span style=\"font-size: 14pt\"><strong><span style=\"color: #000000;font-family: times new roman, times, serif\">Konkurs trwa do 07.03.2022<\/span><\/strong><\/span><\/p>\n<p><span style=\"font-size: 14pt\"><strong><span style=\"color: #000000;font-family: times new roman, times, serif\">\u017byczymy udanej zabawy i wspania\u0142ych pomys\u0142\u00f3w.<br \/>\n<\/span><\/strong><\/span><\/p>\n","protected":false},"excerpt":{"rendered":"<p>Szanowni Rodzice. Z okazji obchod\u00f3w Mi\u0119dzynarodowego Dnia J\u0119zyka Ojczystego, serdecznie zapraszamy do udzia\u0142u w konkursie literackim. Tym razem macie Pa\u0144stwo okazj\u0119,\u00a0 w trakcie \u015bwietnej zabawy, rozwija\u0107 kompetencje komunikacyjne Waszej Pociechy. [&hellip;]<\/p>\n","protected":false},"author":119,"featured_media":6065,"comment_status":"closed","ping_status":"closed","sticky":false,"template":"","format":"standard","meta":{"ngg_post_thumbnail":0,"footnotes":""},"categories":[3],"tags":[],"class_list":["post-6169","post","type-post","status-publish","format-standard","has-post-thumbnail","hentry","category-aktualnosci","clearfix"],"_links":{"self":[{"href":"https:\/\/przedszkole18.edu.wroclaw.pl\/index.php\/wp-json\/wp\/v2\/posts\/6169","targetHints":{"allow":["GET"]}}],"collection":[{"href":"https:\/\/przedszkole18.edu.wroclaw.pl\/index.php\/wp-json\/wp\/v2\/posts"}],"about":[{"href":"https:\/\/przedszkole18.edu.wroclaw.pl\/index.php\/wp-json\/wp\/v2\/types\/post"}],"author":[{"embeddable":true,"href":"https:\/\/przedszkole18.edu.wroclaw.pl\/index.php\/wp-json\/wp\/v2\/users\/119"}],"replies":[{"embeddable":true,"href":"https:\/\/przedszkole18.edu.wroclaw.pl\/index.php\/wp-json\/wp\/v2\/comments?post=6169"}],"version-history":[{"count":11,"href":"https:\/\/przedszkole18.edu.wroclaw.pl\/index.php\/wp-json\/wp\/v2\/posts\/6169\/revisions"}],"predecessor-version":[{"id":6183,"href":"https:\/\/przedszkole18.edu.wroclaw.pl\/index.php\/wp-json\/wp\/v2\/posts\/6169\/revisions\/6183"}],"wp:featuredmedia":[{"embeddable":true,"href":"https:\/\/przedszkole18.edu.wroclaw.pl\/index.php\/wp-json\/wp\/v2\/media\/6065"}],"wp:attachment":[{"href":"https:\/\/przedszkole18.edu.wroclaw.pl\/index.php\/wp-json\/wp\/v2\/media?parent=6169"}],"wp:term":[{"taxonomy":"category","embeddable":true,"href":"https:\/\/przedszkole18.edu.wroclaw.pl\/index.php\/wp-json\/wp\/v2\/categories?post=6169"},{"taxonomy":"post_tag","embeddable":true,"href":"https:\/\/przedszkole18.edu.wroclaw.pl\/index.php\/wp-json\/wp\/v2\/tags?post=6169"}],"curies":[{"name":"wp","href":"https:\/\/api.w.org\/{rel}","templated":true}]}}